{"id":17673,"date":"2014-01-16T16:56:54","date_gmt":"2014-01-16T21:56:54","guid":{"rendered":"http:\/\/www.ambiente.gob.ec\/?p=17673"},"modified":"2014-01-16T16:56:54","modified_gmt":"2014-01-16T21:56:54","slug":"estudiantes-de-la-escuela-superior-politecnica-de-chimborazo-recibieron-capacitacion-del-sistema-administracion-forestal","status":"publish","type":"post","link":"https:\/\/www.ambienteyenergia.gob.ec\/ambiente\/estudiantes-de-la-escuela-superior-politecnica-de-chimborazo-recibieron-capacitacion-del-sistema-administracion-forestal\/","title":{"rendered":"Estudiantes de la Escuela Superior Polit\u00e9cnica de Chimborazo recibieron capacitaci\u00f3n del Sistema Administraci\u00f3n Forestal"},"content":{"rendered":"<p style=\"text-align: justify;\">Con el objetivo de ense\u00f1ar e incentivar la importancia del manejo y utilizaci\u00f3n legal de los recursos forestales, la Direcci\u00f3n Provincial del Ambiente capacit\u00f3 a estudiantes de la Escuela Superior Polit\u00e9cnica de Chimborazo (ESPOCH), sobre el Sistema de Administraci\u00f3n Forestal (SAF), para fortalecer los conocimientos aprendidos en las aulas.<\/p>\n<p style=\"text-align: justify;\">\n<p style=\"text-align: justify;\">A la capacitaci\u00f3n del SAF impartida por los t\u00e9cnicos de la DPACH asistieron estudiantes de sexto y octavo semestre de la Escuela de Ingenier\u00eda Forestal de la ESPOCH. \u201cEste tipo de capacitaciones son de mucha ayuda para fortalecer los conocimientos te\u00f3ricos y pr\u00e1cticos, sobre los sistemas de administraci\u00f3n y aprovechamiento forestal. Debido a este sistema tenemos una idea clara de cuanta madera se moviliza y un registro claro de cuantos productores forestales existen en el pa\u00eds\u201d, manifest\u00f3 Luis Carrillo estudiante de Ingenier\u00eda Forestal.<\/p>\n<p style=\"text-align: justify;\">El compromiso del MAE es continuar con este tipo de capacitaciones, dirigidas a la ciudadan\u00eda para orientar y concientizar el buen uso y manejo de los recursos forestales existentes en nuestro pa\u00eds, como lo estipula la Ley Forestal vigente.<\/p>\n","protected":false},"excerpt":{"rendered":"<p class=\"excerpt\">Con el objetivo de ense\u00f1ar e incentivar la importancia del manejo y utilizaci\u00f3n legal de los recursos forestales, la Direcci\u00f3n Provincial del Ambiente capacit\u00f3 a estudiantes de la Escuela Superior Polit\u00e9cnica de Chimborazo (ESPOCH), sobre el Sistema de Administraci\u00f3n Forestal (SAF), para fortalecer los conocimientos aprendidos en las aulas. A la capacitaci\u00f3n del SAF impartida por los t\u00e9cnicos de la&hellip; <a href=\"https:\/\/www.ambienteyenergia.gob.ec\/ambiente\/estudiantes-de-la-escuela-superior-politecnica-de-chimborazo-recibieron-capacitacion-del-sistema-administracion-forestal\/\">Read more &rarr;<\/a><\/p>\n","protected":false},"author":13,"featured_media":17674,"comment_status":"open","ping_status":"open","sticky":false,"template":"","format":"standard","meta":{"footnotes":""},"categories":[16,4],"tags":[],"class_list":["post-17673","post","type-post","status-publish","format-standard","has-post-thumbnail","hentry","category-comunicamos","category-noticias","xfolkentry"],"_links":{"self":[{"href":"https:\/\/www.ambienteyenergia.gob.ec\/ambiente\/wp-json\/wp\/v2\/posts\/17673","targetHints":{"allow":["GET"]}}],"collection":[{"href":"https:\/\/www.ambienteyenergia.gob.ec\/ambiente\/wp-json\/wp\/v2\/posts"}],"about":[{"href":"https:\/\/www.ambienteyenergia.gob.ec\/ambiente\/wp-json\/wp\/v2\/types\/post"}],"author":[{"embeddable":true,"href":"https:\/\/www.ambienteyenergia.gob.ec\/ambiente\/wp-json\/wp\/v2\/users\/13"}],"replies":[{"embeddable":true,"href":"https:\/\/www.ambienteyenergia.gob.ec\/ambiente\/wp-json\/wp\/v2\/comments?post=17673"}],"version-history":[{"count":0,"href":"https:\/\/www.ambienteyenergia.gob.ec\/ambiente\/wp-json\/wp\/v2\/posts\/17673\/revisions"}],"wp:featuredmedia":[{"embeddable":true,"href":"https:\/\/www.ambienteyenergia.gob.ec\/ambiente\/wp-json\/wp\/v2\/media\/17674"}],"wp:attachment":[{"href":"https:\/\/www.ambienteyenergia.gob.ec\/ambiente\/wp-json\/wp\/v2\/media?parent=17673"}],"wp:term":[{"taxonomy":"category","embeddable":true,"href":"https:\/\/www.ambienteyenergia.gob.ec\/ambiente\/wp-json\/wp\/v2\/categories?post=17673"},{"taxonomy":"post_tag","embeddable":true,"href":"https:\/\/www.ambienteyenergia.gob.ec\/ambiente\/wp-json\/wp\/v2\/tags?post=17673"}],"curies":[{"name":"wp","href":"https:\/\/api.w.org\/{rel}","templated":true}]}}