{"id":17645,"date":"2014-01-15T18:04:35","date_gmt":"2014-01-15T23:04:35","guid":{"rendered":"http:\/\/www.ambiente.gob.ec\/?p=17645"},"modified":"2014-01-15T20:20:00","modified_gmt":"2014-01-16T01:20:00","slug":"delegacion-francesa-inspecciona-estero-salado","status":"publish","type":"post","link":"https:\/\/www.ambienteyenergia.gob.ec\/ambiente\/delegacion-francesa-inspecciona-estero-salado\/","title":{"rendered":"La Ministra Lorena Tapia inspeccion\u00f3 el Estero Salado junto a delegaci\u00f3n francesa"},"content":{"rendered":"<p style=\"text-align: justify;\">Hoy, la Ministra del Ambiente, Lorena Tapia, t\u00e9cnicos de la Escuela Superior Polit\u00e9cnica del Litoral (Espol) y del programa <b>Generaci\u00f3n y Restauraci\u00f3n de \u00c1reas Verdes para la ciudad de Guayaquil: \u201cGuayaquil Ecol\u00f3gico\u201d &#8211; Componente Estero Salado<\/b>, realizaron un recorrido fluvial y terrestre por el Estero Salado, con el objetivo de establecer un programa de recuperaci\u00f3n y remediaci\u00f3n para este importante brazo de mar y la posibilidad de ejecutar un dragado en ciertos tramos del mismo, con el fin de aplicar las mejores soluciones t\u00e9cnicas para cada situaci\u00f3n encontrada durante la visita.<\/p>\n<p style=\"text-align: justify;\">La Subsecretar\u00eda de Gesti\u00f3n Marino y Costera, a trav\u00e9s del programa Guayaquil Ecol\u00f3gico &#8211; Componente Estero Salado, desde mayo de 2010, trabaja en procesos de consultor\u00eda y levantamiento de una l\u00ednea base de informaci\u00f3n del grado de contaminaci\u00f3n en el Estero, en la parte norte y sur de Guayaquil, debido al crecimiento acelerado de poblaciones, descargas puntuales de efluentes dom\u00e9sticos e industriales y rellenos il\u00edcitos que se realizan en las riberas.<\/p>\n<p style=\"text-align: justify;\">La ESPOL, desde el 2013 viene colaborando interinstitucionalmente con estudios de los niveles de contaminaci\u00f3n de los cuatro ramales interiores del Estero Salado que son Mogoll\u00f3n, Palanqueado, Puerto Lisa y Las Ranas. Luego de ese estudio se complement\u00f3 el trabajo con estrategias de intervenci\u00f3n para poder biorremediar de manera ecol\u00f3gica el Estero Salado.<\/p>\n<p style=\"text-align: justify;\">La Ministra expres\u00f3 que una de las propuestas m\u00e1s interesantes del MAE es disminuir la contaminaci\u00f3n en el estero. Si bien se ha trabajado mucho en remediaci\u00f3n, se implementar\u00e1n nuevas estrategias como bioensayos y aplicaciones piloto para evitar que desechos sean arrojados a este importante brazo de mar. \u201cLa visita de la delegaci\u00f3n de expertos franceses intenta determinar si se puede aplicar una tecnolog\u00eda para dragar el Estero Salado o no\u00bb, explic\u00f3.<\/p>\n<p style=\"text-align: justify;\">Asimismo, Tapia asegur\u00f3 que se trabajar\u00e1, principalmente, en la oxigenaci\u00f3n del agua, remediaci\u00f3n de vegetaci\u00f3n, plantaci\u00f3n de mangle y colocaci\u00f3n de nanominerales, para el disfrute de todas y todos los guayaquile\u00f1os.<\/p>\n<p style=\"text-align: justify;\">\u00abComo Gobierno Nacional a trav\u00e9s del Ministerio del Ambiente ratifico el compromiso de recuperar el Estero Salado, haremos todos los esfuerzos que sean posibles a nivel t\u00e9cnico, priorizaci\u00f3n presupuestaria que existe en este proyecto. Este recorrido es de car\u00e1cter t\u00e9cnico para levantamiento de informaci\u00f3n para que la delegaci\u00f3n francesa pueda observar de manera directa las condiciones y continuaremos con reuniones en estos d\u00edas\u00bb, precis\u00f3 la M\u00e1xima Autoridad Ambiental.<\/p>\n<p style=\"text-align: justify;\">La gesti\u00f3n de descargas industriales y dom\u00e9sticas continuar\u00e1. \u201cEl servicio de gesti\u00f3n de desechos s\u00f3lidos del Estero es ineficiente, as\u00ed que como Autoridad Ambiental hemos decidido plantear una alternativa que nos permita intervenir de manera directa\u201d, ratific\u00f3 la Ministra del Ambiente.<\/p>\n<p style=\"text-align: justify;\">Al final del recorrido v\u00eda terrestre, pobladores del Estero se acercaron a la Ministra para comentarle la problem\u00e1tica del sector al ser afectados por terceros. \u00abViene gente de otros lados a botar basura y la queman, no somos nosotros. Queremos algo mejor, nos sentimos abandonados; pagamos impuestos y nunca se ha hecho nada, no ha venido ninguna autoridad, por eso confiamos en que nos ayude\u00bb, asegur\u00f3 una anciana de la comunidad.<\/p>\n<p style=\"text-align: justify;\"><a href=\"http:\/\/www.ambienteyenergia.gob.ec\/ambiente\/wp-content\/uploads\/2014\/01\/V2.jpg\"><img loading=\"lazy\" decoding=\"async\" class=\"aligncenter size-full wp-image-17664\" alt=\"La Ministra Lorena Tapia inspeccion\u00f3 el Estero Salado junto a delegaci\u00f3n francesa\" src=\"http:\/\/www.ambienteyenergia.gob.ec\/ambiente\/wp-content\/uploads\/2014\/01\/V2.jpg\" width=\"800\" height=\"536\" srcset=\"https:\/\/www.ambienteyenergia.gob.ec\/ambiente\/wp-content\/uploads\/sites\/2\/2014\/01\/V2.jpg 800w, https:\/\/www.ambienteyenergia.gob.ec\/ambiente\/wp-content\/uploads\/sites\/2\/2014\/01\/V2-300x201.jpg 300w, https:\/\/www.ambienteyenergia.gob.ec\/ambiente\/wp-content\/uploads\/sites\/2\/2014\/01\/V2-447x300.jpg 447w\" sizes=\"auto, (max-width: 800px) 100vw, 800px\" \/><div id='gallery-1' class='gallery galleryid-17645 gallery-columns-3 gallery-size-thumbnail'><dl class='gallery-item'>\n\t\t\t<dt class='gallery-icon landscape'>\n\t\t\t\t<a href='https:\/\/www.ambienteyenergia.gob.ec\/ambiente\/delegacion-francesa-inspecciona-estero-salado\/s-18\/'><img loading=\"lazy\" decoding=\"async\" width=\"150\" height=\"150\" src=\"https:\/\/www.ambienteyenergia.gob.ec\/ambiente\/wp-content\/uploads\/sites\/2\/2014\/01\/V4-150x150.jpg\" class=\"attachment-thumbnail size-thumbnail\" alt=\"\" \/><\/a>\n\t\t\t<\/dt><\/dl><dl class='gallery-item'>\n\t\t\t<dt class='gallery-icon landscape'>\n\t\t\t\t<a href='https:\/\/www.ambienteyenergia.gob.ec\/ambiente\/delegacion-francesa-inspecciona-estero-salado\/s-19\/'><img loading=\"lazy\" decoding=\"async\" width=\"150\" height=\"150\" src=\"https:\/\/www.ambienteyenergia.gob.ec\/ambiente\/wp-content\/uploads\/sites\/2\/2014\/01\/V6-150x150.jpg\" class=\"attachment-thumbnail size-thumbnail\" alt=\"\" \/><\/a>\n\t\t\t<\/dt><\/dl><dl class='gallery-item'>\n\t\t\t<dt class='gallery-icon landscape'>\n\t\t\t\t<a href='https:\/\/www.ambienteyenergia.gob.ec\/ambiente\/delegacion-francesa-inspecciona-estero-salado\/s-21\/'><img loading=\"lazy\" decoding=\"async\" width=\"150\" height=\"150\" src=\"https:\/\/www.ambienteyenergia.gob.ec\/ambiente\/wp-content\/uploads\/sites\/2\/2014\/01\/V7-150x150.jpg\" class=\"attachment-thumbnail size-thumbnail\" alt=\"\" \/><\/a>\n\t\t\t<\/dt><\/dl><br style=\"clear: both\" \/><dl class='gallery-item'>\n\t\t\t<dt class='gallery-icon landscape'>\n\t\t\t\t<a href='https:\/\/www.ambienteyenergia.gob.ec\/ambiente\/delegacion-francesa-inspecciona-estero-salado\/s-22\/'><img loading=\"lazy\" decoding=\"async\" width=\"150\" height=\"150\" src=\"https:\/\/www.ambienteyenergia.gob.ec\/ambiente\/wp-content\/uploads\/sites\/2\/2014\/01\/DSC00321-150x150.jpg\" class=\"attachment-thumbnail size-thumbnail\" alt=\"\" \/><\/a>\n\t\t\t<\/dt><\/dl>\n\t\t\t<br style='clear: both' \/>\n\t\t<\/div>\n<\/p>\n<p><\/a><\/p>\n","protected":false},"excerpt":{"rendered":"<p class=\"excerpt\">Hoy, la Ministra del Ambiente, Lorena Tapia, t\u00e9cnicos de la Escuela Superior Polit\u00e9cnica del Litoral (Espol) y del programa Generaci\u00f3n y Restauraci\u00f3n de \u00c1reas Verdes para la ciudad de Guayaquil: \u201cGuayaquil Ecol\u00f3gico\u201d &#8211; Componente Estero Salado, realizaron un recorrido fluvial y terrestre por el Estero Salado, con el objetivo de establecer un programa de recuperaci\u00f3n y remediaci\u00f3n para este importante&hellip; <a href=\"https:\/\/www.ambienteyenergia.gob.ec\/ambiente\/delegacion-francesa-inspecciona-estero-salado\/\">Read more &rarr;<\/a><\/p>\n","protected":false},"author":13,"featured_media":17663,"comment_status":"open","ping_status":"open","sticky":false,"template":"","format":"standard","meta":{"footnotes":""},"categories":[16,4],"tags":[],"class_list":["post-17645","post","type-post","status-publish","format-standard","has-post-thumbnail","hentry","category-comunicamos","category-noticias","xfolkentry"],"_links":{"self":[{"href":"https:\/\/www.ambienteyenergia.gob.ec\/ambiente\/wp-json\/wp\/v2\/posts\/17645","targetHints":{"allow":["GET"]}}],"collection":[{"href":"https:\/\/www.ambienteyenergia.gob.ec\/ambiente\/wp-json\/wp\/v2\/posts"}],"about":[{"href":"https:\/\/www.ambienteyenergia.gob.ec\/ambiente\/wp-json\/wp\/v2\/types\/post"}],"author":[{"embeddable":true,"href":"https:\/\/www.ambienteyenergia.gob.ec\/ambiente\/wp-json\/wp\/v2\/users\/13"}],"replies":[{"embeddable":true,"href":"https:\/\/www.ambienteyenergia.gob.ec\/ambiente\/wp-json\/wp\/v2\/comments?post=17645"}],"version-history":[{"count":0,"href":"https:\/\/www.ambienteyenergia.gob.ec\/ambiente\/wp-json\/wp\/v2\/posts\/17645\/revisions"}],"wp:featuredmedia":[{"embeddable":true,"href":"https:\/\/www.ambienteyenergia.gob.ec\/ambiente\/wp-json\/wp\/v2\/media\/17663"}],"wp:attachment":[{"href":"https:\/\/www.ambienteyenergia.gob.ec\/ambiente\/wp-json\/wp\/v2\/media?parent=17645"}],"wp:term":[{"taxonomy":"category","embeddable":true,"href":"https:\/\/www.ambienteyenergia.gob.ec\/ambiente\/wp-json\/wp\/v2\/categories?post=17645"},{"taxonomy":"post_tag","embeddable":true,"href":"https:\/\/www.ambienteyenergia.gob.ec\/ambiente\/wp-json\/wp\/v2\/tags?post=17645"}],"curies":[{"name":"wp","href":"https:\/\/api.w.org\/{rel}","templated":true}]}}