{"id":17639,"date":"2014-01-15T16:16:46","date_gmt":"2014-01-15T21:16:46","guid":{"rendered":"http:\/\/www.ambiente.gob.ec\/?p=17639"},"modified":"2014-01-15T16:43:06","modified_gmt":"2014-01-15T21:43:06","slug":"mae-quintuplico-la-meta-de-recoleccion-de-celulares-en-desuso-en-2013","status":"publish","type":"post","link":"https:\/\/www.ambienteyenergia.gob.ec\/ambiente\/mae-quintuplico-la-meta-de-recoleccion-de-celulares-en-desuso-en-2013\/","title":{"rendered":"MAE quintuplic\u00f3 la meta de recolecci\u00f3n de celulares en desuso en 2013"},"content":{"rendered":"<p style=\"text-align: justify;\">El Ministerio del Ambiente del Ecuador (MAE), quintuplic\u00f3 la meta fijada para la recuperaci\u00f3n de celulares usados en el a\u00f1o 2014. De julio a diciembre, se recolectaron 308 208 celulares en desuso, cuando la meta planteada fue de 58 490 unidades, es decir, se super\u00f3 en un 526%\u00a0 el objetivo planteado para ese a\u00f1o.<\/p>\n<p style=\"text-align: justify;\">Este logro es un ejemplo exitoso de la implementaci\u00f3n del principio de responsabilidad extendida del productor e importador, un concepto que por primera vez se aplica en Ecuador, en el marco de la Pol\u00edtica de Gesti\u00f3n Integral de Residuos S\u00f3lidos y la normativa ambiental vigente, que impulsa el Gobierno de la Revoluci\u00f3n Ciudadana como uno de los hitos de su gesti\u00f3n.<\/p>\n<p style=\"text-align: justify;\">Este principio se\u00f1ala que los productores tienen la responsabilidad del producto a trav\u00e9s de todo el ciclo de vida del mismo, incluyendo los impactos inherentes a la selecci\u00f3n de los materiales, del proceso de producci\u00f3n de los mismos, as\u00ed como los relativos al uso y disposici\u00f3n final de estos luego de su vida \u00fatil.<\/p>\n<p style=\"text-align: justify;\">La aplicaci\u00f3n del Acuerdo 191, que establece el principio de responsabilidad extendida para equipos celulares en desuso, exige la presentaci\u00f3n de Planes de Gesti\u00f3n Integral de celulares usados, donde los importadores de tel\u00e9fonos m\u00f3viles deben determinar ante la Autoridad Ambiental, los mecanismos de recolecci\u00f3n y los gestores ambientales autorizados que receptar\u00e1n los celulares por reciclar.<\/p>\n<p style=\"text-align: justify;\">En el pa\u00eds existen hasta el momento 33 importadores y distribuidores de tel\u00e9fonos m\u00f3viles, de los cuales 25 est\u00e1n registrados en el Misterio del Ambiente y han realizado la recolecci\u00f3n antes se\u00f1alada en base a los Planes de Gesti\u00f3n Integral presentados.<\/p>\n<p style=\"text-align: justify;\">Los importadores tienen la obligaci\u00f3n de recuperar el 3% del total de los celulares que ingresan al pa\u00eds con la implementaci\u00f3n de planes de gesti\u00f3n que contemplan a las telef\u00f3nicas, distribuidores, puntos de venta, gestores y consumidor final. Estos planes deben incluir los mecanismos m\u00e1s id\u00f3neos para que el consumidor final retorne el celular en desuso.<\/p>\n<p style=\"text-align: justify;\">El MAE impulsa la gesti\u00f3n integral de celulares en desuso, a trav\u00e9s de mesas de trabajo con importadores y distribuidores para socializar el Acuerdo 191 y capacitar sobre la aplicaci\u00f3n del principio de responsabilidad extendida del productor e importador; as\u00ed como la creaci\u00f3n de gestores ambientales autorizados que garanticen el manejo adecuado de celulares usados. Esta es una muestra del trabajo coordinado entre el sector p\u00fablico y privado.<\/p>\n<p style=\"text-align: justify;\">Los equipos celulares usados est\u00e1n categorizados en la normativa vigente como desechos especiales, es decir, aquellos que pueden contener una o varias de las siguientes caracter\u00edsticas: corrosivas\/ reactivas\/ t\u00f3xicas\/ inflamables\/ biol\u00f3gico-infecciosas y\/o radioactivas, como es el caso de las bater\u00edas de los tel\u00e9fonos m\u00f3viles, una vez que su ciclo de vida \u00fatil ha concluido.<\/p>\n<p style=\"text-align: justify;\"><strong>Fases que contempla el Sistema de Gesti\u00f3n de celulares en desuso <\/strong><\/p>\n<p style=\"text-align: justify;\"><b>1)<\/b> La <b>generaci\u00f3n<\/b> responsable del producto que satisfaga las necesidades del usuario final tomando en cuenta que al terminar su vida \u00fatil, se convertir\u00e1 en un residuo que dependiendo de\u00a0 las caracter\u00edsticas de sus componentes podr\u00eda ser reciclado o no.<\/p>\n<p style=\"text-align: justify;\"><b>2) Recolecci\u00f3n y transporte de celulares en desuso<\/b>: el importador en acuerdo con el gestor ambiental autorizado correspondiente debe recuperar y asegurar mecanismos adecuados de disposici\u00f3n para estos dispositivos. Para el efecto debe dise\u00f1ar e implementar planes de gesti\u00f3n que cumplir con este prop\u00f3sito. Las operadoras de telefon\u00eda m\u00f3vil, distribuidores, comercializadores, puntos de venta autorizados y usuarios finales son corresponsables de la ejecuci\u00f3n de estos planes.<\/p>\n<p style=\"text-align: justify;\"><b>3) Almacenamiento: <\/b>las unidades recuperadas se guardan en sitios especialmente dise\u00f1ados para el efecto por un gestor ambiental autorizado.<\/p>\n<p style=\"text-align: justify;\"><b>4) Separaci\u00f3n, desensamblaje y\/o reconversi\u00f3n<\/b>: en Ecuador se realiza el desensamblaje primario, es decir la separaci\u00f3n de bater\u00eda y la carcasa del tel\u00e9fono m\u00f3vil para su posterior exportaci\u00f3n a pa\u00edses como Canad\u00e1 y B\u00e9lgica, donde se desarrollan procesos espec\u00edficos de reciclaje.<\/p>\n<p style=\"text-align: justify;\"><b>5) Reutilizaci\u00f3n o reciclaje: <\/b>en esta fase se identifica los componentes del tel\u00e9fono m\u00f3vil, que pueden ser reusados o convertirse en materia prima de nuevos productos (reciclaje).<\/p>\n<p style=\"text-align: justify;\"><b>6) Tratamiento y disposici\u00f3n final: <\/b>aquellos materiales que no pueden ser reutilizados o reciclados y est\u00e1n catalogados como peligrosos (componentes de la bater\u00eda del celular) son ubicados en celdas de seguridad bajo par\u00e1metros ambientales internacionales. En Ecuador por el momento no se llevan a cabo estas dos \u00faltimas fases.<\/p>\n<p style=\"text-align: justify;\">Este hecho sienta un precedente en el reciclaje de celulares en el pa\u00eds, muestra los primeros resultados positivos de la aplicaci\u00f3n del Acuerdo 191 y constituye un aliciente para los importadores para que contin\u00faen por el mismo sendero.<\/p>\n","protected":false},"excerpt":{"rendered":"<p class=\"excerpt\">El Ministerio del Ambiente del Ecuador (MAE), quintuplic\u00f3 la meta fijada para la recuperaci\u00f3n de celulares usados en el a\u00f1o 2014. De julio a diciembre, se recolectaron 308 208 celulares en desuso, cuando la meta planteada fue de 58 490 unidades, es decir, se super\u00f3 en un 526%\u00a0 el objetivo planteado para ese a\u00f1o. Este logro es un ejemplo exitoso&hellip; <a href=\"https:\/\/www.ambienteyenergia.gob.ec\/ambiente\/mae-quintuplico-la-meta-de-recoleccion-de-celulares-en-desuso-en-2013\/\">Read more &rarr;<\/a><\/p>\n","protected":false},"author":13,"featured_media":17364,"comment_status":"open","ping_status":"open","sticky":false,"template":"","format":"standard","meta":{"footnotes":""},"categories":[16,4],"tags":[],"class_list":["post-17639","post","type-post","status-publish","format-standard","has-post-thumbnail","hentry","category-comunicamos","category-noticias","xfolkentry"],"_links":{"self":[{"href":"https:\/\/www.ambienteyenergia.gob.ec\/ambiente\/wp-json\/wp\/v2\/posts\/17639","targetHints":{"allow":["GET"]}}],"collection":[{"href":"https:\/\/www.ambienteyenergia.gob.ec\/ambiente\/wp-json\/wp\/v2\/posts"}],"about":[{"href":"https:\/\/www.ambienteyenergia.gob.ec\/ambiente\/wp-json\/wp\/v2\/types\/post"}],"author":[{"embeddable":true,"href":"https:\/\/www.ambienteyenergia.gob.ec\/ambiente\/wp-json\/wp\/v2\/users\/13"}],"replies":[{"embeddable":true,"href":"https:\/\/www.ambienteyenergia.gob.ec\/ambiente\/wp-json\/wp\/v2\/comments?post=17639"}],"version-history":[{"count":0,"href":"https:\/\/www.ambienteyenergia.gob.ec\/ambiente\/wp-json\/wp\/v2\/posts\/17639\/revisions"}],"wp:featuredmedia":[{"embeddable":true,"href":"https:\/\/www.ambienteyenergia.gob.ec\/ambiente\/wp-json\/wp\/v2\/media\/17364"}],"wp:attachment":[{"href":"https:\/\/www.ambienteyenergia.gob.ec\/ambiente\/wp-json\/wp\/v2\/media?parent=17639"}],"wp:term":[{"taxonomy":"category","embeddable":true,"href":"https:\/\/www.ambienteyenergia.gob.ec\/ambiente\/wp-json\/wp\/v2\/categories?post=17639"},{"taxonomy":"post_tag","embeddable":true,"href":"https:\/\/www.ambienteyenergia.gob.ec\/ambiente\/wp-json\/wp\/v2\/tags?post=17639"}],"curies":[{"name":"wp","href":"https:\/\/api.w.org\/{rel}","templated":true}]}}