{"id":17631,"date":"2014-01-15T15:26:59","date_gmt":"2014-01-15T20:26:59","guid":{"rendered":"http:\/\/www.ambiente.gob.ec\/?p=17631"},"modified":"2014-01-15T15:26:59","modified_gmt":"2014-01-15T20:26:59","slug":"taller-de-regularizacion-ambiental-a-la-empresa-publica-municipal-de-agua-potable-y-alcantarillado-ibarra-emapa","status":"publish","type":"post","link":"https:\/\/www.ambienteyenergia.gob.ec\/ambiente\/taller-de-regularizacion-ambiental-a-la-empresa-publica-municipal-de-agua-potable-y-alcantarillado-ibarra-emapa\/","title":{"rendered":"Taller de regularizaci\u00f3n ambiental a la Empresa P\u00fablica Municipal de Agua Potable y Alcantarillado Ibarra (EMAPA)"},"content":{"rendered":"<p style=\"text-align: justify;\">El 14 de enero de 2014, la Direcci\u00f3n Provincial del Ambiente de Imbabura a trav\u00e9s de la Unidad de Calidad Ambiental imparti\u00f3 un Taller de Regularizaci\u00f3n, donde se abordaron aspectos t\u00e9cnicos de la Nueva Categorizaci\u00f3n Ambiental Nacional y su aplicaci\u00f3n mediante la utilizaci\u00f3n del Sistema \u00danico de Informaci\u00f3n SUIA.<\/p>\n<p style=\"text-align: justify;\">El MAE busca ejercer en forma eficaz y eficiente la legislaci\u00f3n ambiental vigente en el Ecuador, con el prop\u00f3sito de solucionar los problemas ambientales y promover la mejora continua en todos los procesos productivos mitigando la contaminaci\u00f3n ambiental.<\/p>\n<p style=\"text-align: justify;\"><strong>El dato:<\/strong><\/p>\n<p style=\"text-align: justify;\">El Sistema \u00danico de Informaci\u00f3n Ambiental (SUIA) es una aplicaci\u00f3n WEB que fue desarrollada para la gesti\u00f3n de tr\u00e1mites y proyectos encaminados al control, registro, mantenimiento y preservaci\u00f3n del medio ambiente, asimiismo integra toda la informaci\u00f3n ambiental en un solo lugar para generar indicadores Geogr\u00e1ficos, Documentales, Estad\u00edsticos y Automatizaci\u00f3n de procesos institucionales<b>\u00a0<\/b><\/p>\n","protected":false},"excerpt":{"rendered":"<p class=\"excerpt\">El 14 de enero de 2014, la Direcci\u00f3n Provincial del Ambiente de Imbabura a trav\u00e9s de la Unidad de Calidad Ambiental imparti\u00f3 un Taller de Regularizaci\u00f3n, donde se abordaron aspectos t\u00e9cnicos de la Nueva Categorizaci\u00f3n Ambiental Nacional y su aplicaci\u00f3n mediante la utilizaci\u00f3n del Sistema \u00danico de Informaci\u00f3n SUIA. El MAE busca ejercer en forma eficaz y eficiente la legislaci\u00f3n&hellip; <a href=\"https:\/\/www.ambienteyenergia.gob.ec\/ambiente\/taller-de-regularizacion-ambiental-a-la-empresa-publica-municipal-de-agua-potable-y-alcantarillado-ibarra-emapa\/\">Read more &rarr;<\/a><\/p>\n","protected":false},"author":13,"featured_media":17632,"comment_status":"open","ping_status":"open","sticky":false,"template":"","format":"standard","meta":{"footnotes":""},"categories":[16,4],"tags":[],"class_list":["post-17631","post","type-post","status-publish","format-standard","has-post-thumbnail","hentry","category-comunicamos","category-noticias","xfolkentry"],"_links":{"self":[{"href":"https:\/\/www.ambienteyenergia.gob.ec\/ambiente\/wp-json\/wp\/v2\/posts\/17631","targetHints":{"allow":["GET"]}}],"collection":[{"href":"https:\/\/www.ambienteyenergia.gob.ec\/ambiente\/wp-json\/wp\/v2\/posts"}],"about":[{"href":"https:\/\/www.ambienteyenergia.gob.ec\/ambiente\/wp-json\/wp\/v2\/types\/post"}],"author":[{"embeddable":true,"href":"https:\/\/www.ambienteyenergia.gob.ec\/ambiente\/wp-json\/wp\/v2\/users\/13"}],"replies":[{"embeddable":true,"href":"https:\/\/www.ambienteyenergia.gob.ec\/ambiente\/wp-json\/wp\/v2\/comments?post=17631"}],"version-history":[{"count":0,"href":"https:\/\/www.ambienteyenergia.gob.ec\/ambiente\/wp-json\/wp\/v2\/posts\/17631\/revisions"}],"wp:featuredmedia":[{"embeddable":true,"href":"https:\/\/www.ambienteyenergia.gob.ec\/ambiente\/wp-json\/wp\/v2\/media\/17632"}],"wp:attachment":[{"href":"https:\/\/www.ambienteyenergia.gob.ec\/ambiente\/wp-json\/wp\/v2\/media?parent=17631"}],"wp:term":[{"taxonomy":"category","embeddable":true,"href":"https:\/\/www.ambienteyenergia.gob.ec\/ambiente\/wp-json\/wp\/v2\/categories?post=17631"},{"taxonomy":"post_tag","embeddable":true,"href":"https:\/\/www.ambienteyenergia.gob.ec\/ambiente\/wp-json\/wp\/v2\/tags?post=17631"}],"curies":[{"name":"wp","href":"https:\/\/api.w.org\/{rel}","templated":true}]}}