{"id":17627,"date":"2014-01-15T15:13:23","date_gmt":"2014-01-15T20:13:23","guid":{"rendered":"http:\/\/www.ambiente.gob.ec\/?p=17627"},"modified":"2014-01-15T16:02:29","modified_gmt":"2014-01-15T21:02:29","slug":"mae-monitorea-nidos-de-tortugas-en-el-refugio-de-vida-silvestre-marino-costera-pacoche","status":"publish","type":"post","link":"https:\/\/www.ambienteyenergia.gob.ec\/ambiente\/mae-monitorea-nidos-de-tortugas-en-el-refugio-de-vida-silvestre-marino-costera-pacoche\/","title":{"rendered":"MAE monitorea nidos de tortugas en el Refugio de Vida Silvestre Marino Costera Pacoche"},"content":{"rendered":"<p style=\"text-align: justify;\">Actualmente, el Refugio de Vida Silvestre Marino Costera Pacoche est\u00e1 identificado como una de las \u00e1reas \u00edndices de anidaci\u00f3n de tortugas. En sus playas es donde se encuentra el mayor n\u00famero de nidos de las especies Chelonia mydas (Tortuga verde) y Lepidochelys olivacea (Tortuga Golfina), raz\u00f3n por la cual, el Ministerio del Ambiente (MAE) realiza monitoreos diurnos y nocturnos, con el fin levantar informaci\u00f3n que ayude a su protecci\u00f3n y conservaci\u00f3n.<\/p>\n<p style=\"text-align: justify;\">Durante los monitoreos que efect\u00faan los guardaparques se registr\u00f3\u00a0 un evento de relevancia, dos nidos diferentes. Uno tiene un ancho de huella de 1,70 metros y el otro se supone puede pertenecer a una de las tortugas marinas m\u00e1s grandes del mundo, las <b>tortugas<\/b> <b>La<b>\u00fa<\/b>d.<\/b><\/p>\n<p style=\"text-align: justify;\">Si bien, en el pasado no se registraron anidaciones en ninguna playa del pa\u00eds de estas especies, pescadores y comuneros de San Lorenzo indican que hace aproximadamente una d\u00e9cada las tortugas Laud, anidaban en \u00e9sta zona.<\/p>\n<p style=\"text-align: justify;\">Angelo Traverso, Director Provincial del Ambiente de Manab\u00ed, inform\u00f3 \u00a0que en la primera temporada \u00a0(junio 2012-mayo 2013), se registraron 198 arribos de tortugas marinas, de los cuales 144 nidos fueron comprobados; \u00abmientras que en la \u00a0segunda temporada (junio 2013 hasta la actualidad),\u00a0 se registraron 206 arribos y 171 nidos comprobados\u00bb.<\/p>\n<p style=\"text-align: justify;\">Las playas de Santa Marianita, Liguiqui, La Botada, San Lorenzo, R\u00edo Ca\u00f1a, y Santa Rosa son estudiadas para conocer m\u00e1s sobre el comportamiento de las especies. De \u00e9stas, La Botada y \u00a0San Lorenzo son las de mayor anidaci\u00f3n, por lo que se enfatiza m\u00e1s el estudio.<\/p>\n<p style=\"text-align: justify;\">Entre la informaci\u00f3n que registra este proyecto de conservaci\u00f3n est\u00e1n datos biom\u00e9tricos; n\u00famero de nidos por playa; tiempo promedio de eclosi\u00f3n por especie; identificaci\u00f3n de especies, ancho y tipo de huella;\u00a0y finalmente, el peso y medida de neonatos y huevos.<\/p>\n<p style=\"text-align: justify;\">El MAE estar\u00e1 pendiente de este proceso para verificar si se trata de la especie laud y garantizar su absoluto cuidado.<\/p>\n<p style=\"text-align: justify;\"><strong>Sobre la tortuga La\u00fad<\/strong><\/p>\n<p style=\"text-align: justify;\">La tortuga la\u00fad, canal o baula o tinglar (Dermochelys coriacea) es la mayor de todas las tortugas vivientes, alcanzando una longitud de 2 metros y un peso de m\u00e1s de 600 kilos. Un individuo macho puede pesar 916 kilos, aunque las tortugas de este tama\u00f1o son muy raras, se encuentra en todos los mares tropicales o subtropicales y es la \u00fanica especie dentro de la familia Dermochelyidae.<\/p>\n<p style=\"text-align: justify;\">Su tasa metab\u00f3lica es aproximadamente 3 veces mayor de lo esperado en un reptil de su tama\u00f1o, lo que, unido a sus intercambiadores de calor contra corriente y su gran tama\u00f1o, permite mantener una temperatura corporal de hasta 18 \u00baC sobre el agua circundante.<\/p>\n<p style=\"text-align: justify;\"><a href=\"http:\/\/www.ambienteyenergia.gob.ec\/ambiente\/wp-content\/uploads\/2014\/01\/IMG-20140114-WA006.jpg\"><img loading=\"lazy\" decoding=\"async\" class=\"aligncenter size-full wp-image-17629\" alt=\"MAE monitorea nidos de tortugas en el Refugio de Vida Silvestre Marino Costera Pacoche\" src=\"http:\/\/www.ambienteyenergia.gob.ec\/ambiente\/wp-content\/uploads\/2014\/01\/IMG-20140114-WA006.jpg\" width=\"600\" height=\"800\" srcset=\"https:\/\/www.ambienteyenergia.gob.ec\/ambiente\/wp-content\/uploads\/sites\/2\/2014\/01\/IMG-20140114-WA006.jpg 600w, https:\/\/www.ambienteyenergia.gob.ec\/ambiente\/wp-content\/uploads\/sites\/2\/2014\/01\/IMG-20140114-WA006-225x300.jpg 225w\" sizes=\"auto, (max-width: 600px) 100vw, 600px\" \/><\/a><\/p>\n","protected":false},"excerpt":{"rendered":"<p class=\"excerpt\">Actualmente, el Refugio de Vida Silvestre Marino Costera Pacoche est\u00e1 identificado como una de las \u00e1reas \u00edndices de anidaci\u00f3n de tortugas. En sus playas es donde se encuentra el mayor n\u00famero de nidos de las especies Chelonia mydas (Tortuga verde) y Lepidochelys olivacea (Tortuga Golfina), raz\u00f3n por la cual, el Ministerio del Ambiente (MAE) realiza monitoreos diurnos y nocturnos, con&hellip; <a href=\"https:\/\/www.ambienteyenergia.gob.ec\/ambiente\/mae-monitorea-nidos-de-tortugas-en-el-refugio-de-vida-silvestre-marino-costera-pacoche\/\">Read more &rarr;<\/a><\/p>\n","protected":false},"author":13,"featured_media":17628,"comment_status":"open","ping_status":"open","sticky":false,"template":"","format":"standard","meta":{"footnotes":""},"categories":[16,4],"tags":[],"class_list":["post-17627","post","type-post","status-publish","format-standard","has-post-thumbnail","hentry","category-comunicamos","category-noticias","xfolkentry"],"_links":{"self":[{"href":"https:\/\/www.ambienteyenergia.gob.ec\/ambiente\/wp-json\/wp\/v2\/posts\/17627","targetHints":{"allow":["GET"]}}],"collection":[{"href":"https:\/\/www.ambienteyenergia.gob.ec\/ambiente\/wp-json\/wp\/v2\/posts"}],"about":[{"href":"https:\/\/www.ambienteyenergia.gob.ec\/ambiente\/wp-json\/wp\/v2\/types\/post"}],"author":[{"embeddable":true,"href":"https:\/\/www.ambienteyenergia.gob.ec\/ambiente\/wp-json\/wp\/v2\/users\/13"}],"replies":[{"embeddable":true,"href":"https:\/\/www.ambienteyenergia.gob.ec\/ambiente\/wp-json\/wp\/v2\/comments?post=17627"}],"version-history":[{"count":0,"href":"https:\/\/www.ambienteyenergia.gob.ec\/ambiente\/wp-json\/wp\/v2\/posts\/17627\/revisions"}],"wp:featuredmedia":[{"embeddable":true,"href":"https:\/\/www.ambienteyenergia.gob.ec\/ambiente\/wp-json\/wp\/v2\/media\/17628"}],"wp:attachment":[{"href":"https:\/\/www.ambienteyenergia.gob.ec\/ambiente\/wp-json\/wp\/v2\/media?parent=17627"}],"wp:term":[{"taxonomy":"category","embeddable":true,"href":"https:\/\/www.ambienteyenergia.gob.ec\/ambiente\/wp-json\/wp\/v2\/categories?post=17627"},{"taxonomy":"post_tag","embeddable":true,"href":"https:\/\/www.ambienteyenergia.gob.ec\/ambiente\/wp-json\/wp\/v2\/tags?post=17627"}],"curies":[{"name":"wp","href":"https:\/\/api.w.org\/{rel}","templated":true}]}}