{"id":17624,"date":"2014-01-15T15:06:11","date_gmt":"2014-01-15T20:06:11","guid":{"rendered":"http:\/\/www.ambiente.gob.ec\/?p=17624"},"modified":"2014-01-15T16:01:27","modified_gmt":"2014-01-15T21:01:27","slug":"mae-reintroduce-tortugas-a-su-habitat","status":"publish","type":"post","link":"https:\/\/www.ambienteyenergia.gob.ec\/ambiente\/mae-reintroduce-tortugas-a-su-habitat\/","title":{"rendered":"MAE reintroduce a 16 tortugas a su h\u00e1bitat natural"},"content":{"rendered":"<p style=\"text-align: justify;\">El 6 de Enero de 2014, el Ministerio del Ambiente del Ecuador (MAE),\u00a0 la Direcci\u00f3n Provincial del Ambiente de Imbabura, los guardaparques de la Reserva Ecol\u00f3gica Cotacachi Cayapas Zona Alta (RECC-ZA) Distrito Lita y un representante de la Reserva Ecol\u00f3gica Cotacachi Cayapas Zona Baja, liberaron a 16 tortugas de diferentes tama\u00f1os y edades, cuatro tortugas grandes de aproximadamente de seis meses y doce peque\u00f1as de tres meses. El operativo se ejecut\u00f3 el fin de semana, en un\u00a0 bosque nativo del Distrito Borb\u00f3n, Cant\u00f3n San Lorenzo, Provincia de Esmeraldas.<\/p>\n<p style=\"text-align: justify;\">Las tortugas se encontraban dentro de un cart\u00f3n en el interior de la cajuela de un autom\u00f3vil, las especies eran transportadas desde Esmeraldas con destino a la ciudad de Otavalo, provincia de Imbabura, fueron decomisadas por parte de funcionarios del MAE.<\/p>\n<p style=\"text-align: justify;\"><strong>El dato<\/strong><\/p>\n<p style=\"text-align: justify;\">La tortuga (Chelonia mydas) es un quelonio marino que pertenece a la familia de los (Chelonioidea). La especie se distribuye por los mares tropicales y subtropicales alrededor del mundo, con dos poblaciones distintas en los oc\u00e9anos Atl\u00e1ntico y Pac\u00edfico. Tiene gran cantidad de grasa debajo de su caparaz\u00f3n y muchas quedan atrapadas en las redes de pesca y mueren ahogadas.<\/p>\n","protected":false},"excerpt":{"rendered":"<p class=\"excerpt\">El 6 de Enero de 2014, el Ministerio del Ambiente del Ecuador (MAE),\u00a0 la Direcci\u00f3n Provincial del Ambiente de Imbabura, los guardaparques de la Reserva Ecol\u00f3gica Cotacachi Cayapas Zona Alta (RECC-ZA) Distrito Lita y un representante de la Reserva Ecol\u00f3gica Cotacachi Cayapas Zona Baja, liberaron a 16 tortugas de diferentes tama\u00f1os y edades, cuatro tortugas grandes de aproximadamente de seis&hellip; <a href=\"https:\/\/www.ambienteyenergia.gob.ec\/ambiente\/mae-reintroduce-tortugas-a-su-habitat\/\">Read more &rarr;<\/a><\/p>\n","protected":false},"author":13,"featured_media":17625,"comment_status":"open","ping_status":"open","sticky":false,"template":"","format":"standard","meta":{"footnotes":""},"categories":[16,4],"tags":[],"class_list":["post-17624","post","type-post","status-publish","format-standard","has-post-thumbnail","hentry","category-comunicamos","category-noticias","xfolkentry"],"_links":{"self":[{"href":"https:\/\/www.ambienteyenergia.gob.ec\/ambiente\/wp-json\/wp\/v2\/posts\/17624","targetHints":{"allow":["GET"]}}],"collection":[{"href":"https:\/\/www.ambienteyenergia.gob.ec\/ambiente\/wp-json\/wp\/v2\/posts"}],"about":[{"href":"https:\/\/www.ambienteyenergia.gob.ec\/ambiente\/wp-json\/wp\/v2\/types\/post"}],"author":[{"embeddable":true,"href":"https:\/\/www.ambienteyenergia.gob.ec\/ambiente\/wp-json\/wp\/v2\/users\/13"}],"replies":[{"embeddable":true,"href":"https:\/\/www.ambienteyenergia.gob.ec\/ambiente\/wp-json\/wp\/v2\/comments?post=17624"}],"version-history":[{"count":0,"href":"https:\/\/www.ambienteyenergia.gob.ec\/ambiente\/wp-json\/wp\/v2\/posts\/17624\/revisions"}],"wp:featuredmedia":[{"embeddable":true,"href":"https:\/\/www.ambienteyenergia.gob.ec\/ambiente\/wp-json\/wp\/v2\/media\/17625"}],"wp:attachment":[{"href":"https:\/\/www.ambienteyenergia.gob.ec\/ambiente\/wp-json\/wp\/v2\/media?parent=17624"}],"wp:term":[{"taxonomy":"category","embeddable":true,"href":"https:\/\/www.ambienteyenergia.gob.ec\/ambiente\/wp-json\/wp\/v2\/categories?post=17624"},{"taxonomy":"post_tag","embeddable":true,"href":"https:\/\/www.ambienteyenergia.gob.ec\/ambiente\/wp-json\/wp\/v2\/tags?post=17624"}],"curies":[{"name":"wp","href":"https:\/\/api.w.org\/{rel}","templated":true}]}}