{"id":17617,"date":"2014-01-15T10:54:59","date_gmt":"2014-01-15T15:54:59","guid":{"rendered":"http:\/\/www.ambiente.gob.ec\/?p=17617"},"modified":"2014-01-15T13:08:52","modified_gmt":"2014-01-15T18:08:52","slug":"reinsercion-de-aves-en-su-habitat","status":"publish","type":"post","link":"https:\/\/www.ambienteyenergia.gob.ec\/ambiente\/reinsercion-de-aves-en-su-habitat\/","title":{"rendered":"13 aves fueron reinsertadas en su h\u00e1bitat natural en Imbabura"},"content":{"rendered":"<p style=\"text-align: justify;\">El\u00a0 14 de enero de 2014, la Direcci\u00f3n Provincial del Ambiente de Imbabura junto al \u201cZool\u00f3gico Parque el C\u00f3ndor\u201d y el\u00a0 \u00c1rea de Vida Silvestre de la provincia efectuaron la liberaci\u00f3n de seis Cern\u00edcalos americanos, cuatro lechuzas y tres b\u00fahos terrestres. Las aves entregadas pasaron por un proceso de reinserci\u00f3n en los cantones Otavalo y Cotacachi.<\/p>\n<p style=\"text-align: justify;\">El Ministerio del Ambiente (MAE), como principal autoridad ambiental, tiene la responsabilidad de conservar la riqueza de aves que posee el pa\u00eds y velar tanto por su bienestar como por el ecosistema que las rodea.\u00a0 En ese sentido, el MAE recomienda conservar los h\u00e1bitats de las aves, evitando la deforestaci\u00f3n y contaminaci\u00f3n, la introducci\u00f3n de especies ex\u00f3ticas y practicando el aviturismo de forma sustentable.<\/p>\n<p style=\"text-align: justify;\"><strong>Dato importante<\/strong><\/p>\n<p style=\"text-align: justify;\">Los datos de BirdLife Internacional exponen que el Ecuador posee alrededor de 1 640 aves y es uno de los territorios m\u00e1s ricos en estas especies en Sudam\u00e9rica, sin embargo el pa\u00eds ocupa\u00a0 el s\u00e9ptimo lugar en la lista del mundo que presenta un mayor numero de aves amenazadas.<\/p>\n<p style=\"text-align: justify;\"><a href=\"http:\/\/www.ambienteyenergia.gob.ec\/ambiente\/wp-content\/uploads\/2014\/01\/IMG_4430.jpg\"><img loading=\"lazy\" decoding=\"async\" class=\"aligncenter size-full wp-image-17619\" alt=\"Reinserci\u00f3n de aves en su h\u00e1bitat\" src=\"http:\/\/www.ambienteyenergia.gob.ec\/ambiente\/wp-content\/uploads\/2014\/01\/IMG_4430.jpg\" width=\"650\" height=\"488\" srcset=\"https:\/\/www.ambienteyenergia.gob.ec\/ambiente\/wp-content\/uploads\/sites\/2\/2014\/01\/IMG_4430.jpg 650w, https:\/\/www.ambienteyenergia.gob.ec\/ambiente\/wp-content\/uploads\/sites\/2\/2014\/01\/IMG_4430-300x225.jpg 300w, https:\/\/www.ambienteyenergia.gob.ec\/ambiente\/wp-content\/uploads\/sites\/2\/2014\/01\/IMG_4430-399x300.jpg 399w\" sizes=\"auto, (max-width: 650px) 100vw, 650px\" \/><\/a><\/p>\n","protected":false},"excerpt":{"rendered":"<p class=\"excerpt\">El\u00a0 14 de enero de 2014, la Direcci\u00f3n Provincial del Ambiente de Imbabura junto al \u201cZool\u00f3gico Parque el C\u00f3ndor\u201d y el\u00a0 \u00c1rea de Vida Silvestre de la provincia efectuaron la liberaci\u00f3n de seis Cern\u00edcalos americanos, cuatro lechuzas y tres b\u00fahos terrestres. Las aves entregadas pasaron por un proceso de reinserci\u00f3n en los cantones Otavalo y Cotacachi. El Ministerio del Ambiente&hellip; <a href=\"https:\/\/www.ambienteyenergia.gob.ec\/ambiente\/reinsercion-de-aves-en-su-habitat\/\">Read more &rarr;<\/a><\/p>\n","protected":false},"author":13,"featured_media":17618,"comment_status":"open","ping_status":"open","sticky":false,"template":"","format":"standard","meta":{"footnotes":""},"categories":[16,4],"tags":[],"class_list":["post-17617","post","type-post","status-publish","format-standard","has-post-thumbnail","hentry","category-comunicamos","category-noticias","xfolkentry"],"_links":{"self":[{"href":"https:\/\/www.ambienteyenergia.gob.ec\/ambiente\/wp-json\/wp\/v2\/posts\/17617","targetHints":{"allow":["GET"]}}],"collection":[{"href":"https:\/\/www.ambienteyenergia.gob.ec\/ambiente\/wp-json\/wp\/v2\/posts"}],"about":[{"href":"https:\/\/www.ambienteyenergia.gob.ec\/ambiente\/wp-json\/wp\/v2\/types\/post"}],"author":[{"embeddable":true,"href":"https:\/\/www.ambienteyenergia.gob.ec\/ambiente\/wp-json\/wp\/v2\/users\/13"}],"replies":[{"embeddable":true,"href":"https:\/\/www.ambienteyenergia.gob.ec\/ambiente\/wp-json\/wp\/v2\/comments?post=17617"}],"version-history":[{"count":0,"href":"https:\/\/www.ambienteyenergia.gob.ec\/ambiente\/wp-json\/wp\/v2\/posts\/17617\/revisions"}],"wp:featuredmedia":[{"embeddable":true,"href":"https:\/\/www.ambienteyenergia.gob.ec\/ambiente\/wp-json\/wp\/v2\/media\/17618"}],"wp:attachment":[{"href":"https:\/\/www.ambienteyenergia.gob.ec\/ambiente\/wp-json\/wp\/v2\/media?parent=17617"}],"wp:term":[{"taxonomy":"category","embeddable":true,"href":"https:\/\/www.ambienteyenergia.gob.ec\/ambiente\/wp-json\/wp\/v2\/categories?post=17617"},{"taxonomy":"post_tag","embeddable":true,"href":"https:\/\/www.ambienteyenergia.gob.ec\/ambiente\/wp-json\/wp\/v2\/tags?post=17617"}],"curies":[{"name":"wp","href":"https:\/\/api.w.org\/{rel}","templated":true}]}}