{"id":17601,"date":"2014-01-14T17:50:10","date_gmt":"2014-01-14T22:50:10","guid":{"rendered":"http:\/\/www.ambiente.gob.ec\/?p=17601"},"modified":"2014-01-14T17:50:10","modified_gmt":"2014-01-14T22:50:10","slug":"la-direccion-provincial-del-ambiente-pichincha-presente-en-la-planificacion-intersectorial-semillas-de-quinua","status":"publish","type":"post","link":"https:\/\/www.ambienteyenergia.gob.ec\/ambiente\/la-direccion-provincial-del-ambiente-pichincha-presente-en-la-planificacion-intersectorial-semillas-de-quinua\/","title":{"rendered":"La Direcci\u00f3n Provincial del Ambiente Pichincha presente en la Planificaci\u00f3n Intersectorial \u201cSemillas de Qu\u00ednua\u201d"},"content":{"rendered":"<p style=\"text-align: justify;\">La Coordinaci\u00f3n Zonal de Salud N\u00b0 9, en articulaci\u00f3n con el Ministerio de Coordinaci\u00f3n de Desarrollo Social, y la SENPLADES, han llevado a cabo a partir del mes de mayo de 2013 el proceso de instalaci\u00f3n de las Mesas de Planificaci\u00f3n Intersectorial denominado \u00abSemillas de Quinua\u00bb, que culmin\u00f3 con la elaboraci\u00f3n del Plan Operativo Anual Intersectorial 2014, en el mes de diciembre de 2013.<\/p>\n<p style=\"text-align: justify;\">La socializaci\u00f3n de la Agenda de Pol\u00edtica P\u00fablica Intersectorial del Sector Social y el lanzamiento del Plan Operativo Intersectorial 2014, se efectu\u00f3 el 9 de enero del 2014, en el Auditorio de la Coordinaci\u00f3n Zonal de salud No. 9, evento en el cual estuvieron presentes varias autoridades de las instituciones p\u00fablicas, entre ellas el Ing. Santiago Tapia, Director Provincial del Ambiente Pichincha.<\/p>\n<p style=\"text-align: justify;\">El Ministerio del Ambiente, a trav\u00e9s de la Direcci\u00f3n Provincial del Ambiente realizar\u00e1 actividades de capacitaci\u00f3n y asesor\u00eda en temas relacionados con: Buenas Pr\u00e1cticas Ambientales, Cambio Clim\u00e1tico y Huella Ecol\u00f3gica.<\/p>\n<p style=\"text-align: justify;\">\n","protected":false},"excerpt":{"rendered":"<p class=\"excerpt\">La Coordinaci\u00f3n Zonal de Salud N\u00b0 9, en articulaci\u00f3n con el Ministerio de Coordinaci\u00f3n de Desarrollo Social, y la SENPLADES, han llevado a cabo a partir del mes de mayo de 2013 el proceso de instalaci\u00f3n de las Mesas de Planificaci\u00f3n Intersectorial denominado \u00abSemillas de Quinua\u00bb, que culmin\u00f3 con la elaboraci\u00f3n del Plan Operativo Anual Intersectorial 2014, en el mes&hellip; <a href=\"https:\/\/www.ambienteyenergia.gob.ec\/ambiente\/la-direccion-provincial-del-ambiente-pichincha-presente-en-la-planificacion-intersectorial-semillas-de-quinua\/\">Read more &rarr;<\/a><\/p>\n","protected":false},"author":13,"featured_media":17602,"comment_status":"open","ping_status":"open","sticky":false,"template":"","format":"standard","meta":{"footnotes":""},"categories":[16,4],"tags":[],"class_list":["post-17601","post","type-post","status-publish","format-standard","has-post-thumbnail","hentry","category-comunicamos","category-noticias","xfolkentry"],"_links":{"self":[{"href":"https:\/\/www.ambienteyenergia.gob.ec\/ambiente\/wp-json\/wp\/v2\/posts\/17601","targetHints":{"allow":["GET"]}}],"collection":[{"href":"https:\/\/www.ambienteyenergia.gob.ec\/ambiente\/wp-json\/wp\/v2\/posts"}],"about":[{"href":"https:\/\/www.ambienteyenergia.gob.ec\/ambiente\/wp-json\/wp\/v2\/types\/post"}],"author":[{"embeddable":true,"href":"https:\/\/www.ambienteyenergia.gob.ec\/ambiente\/wp-json\/wp\/v2\/users\/13"}],"replies":[{"embeddable":true,"href":"https:\/\/www.ambienteyenergia.gob.ec\/ambiente\/wp-json\/wp\/v2\/comments?post=17601"}],"version-history":[{"count":0,"href":"https:\/\/www.ambienteyenergia.gob.ec\/ambiente\/wp-json\/wp\/v2\/posts\/17601\/revisions"}],"wp:featuredmedia":[{"embeddable":true,"href":"https:\/\/www.ambienteyenergia.gob.ec\/ambiente\/wp-json\/wp\/v2\/media\/17602"}],"wp:attachment":[{"href":"https:\/\/www.ambienteyenergia.gob.ec\/ambiente\/wp-json\/wp\/v2\/media?parent=17601"}],"wp:term":[{"taxonomy":"category","embeddable":true,"href":"https:\/\/www.ambienteyenergia.gob.ec\/ambiente\/wp-json\/wp\/v2\/categories?post=17601"},{"taxonomy":"post_tag","embeddable":true,"href":"https:\/\/www.ambienteyenergia.gob.ec\/ambiente\/wp-json\/wp\/v2\/tags?post=17601"}],"curies":[{"name":"wp","href":"https:\/\/api.w.org\/{rel}","templated":true}]}}