{"id":17597,"date":"2014-01-14T17:13:59","date_gmt":"2014-01-14T22:13:59","guid":{"rendered":"http:\/\/www.ambiente.gob.ec\/?p=17597"},"modified":"2014-01-14T17:13:59","modified_gmt":"2014-01-14T22:13:59","slug":"mae-fortalece-mantenimiento-de-bosques-protectores-en-el-pais","status":"publish","type":"post","link":"https:\/\/www.ambienteyenergia.gob.ec\/ambiente\/mae-fortalece-mantenimiento-de-bosques-protectores-en-el-pais\/","title":{"rendered":"MAE fortalece mantenimiento de bosques protectores en el pa\u00eds"},"content":{"rendered":"<p style=\"text-align: justify;\">El Ministerio del Ambiente, a trav\u00e9s de la Subsecretar\u00eda de Patrimonio, particip\u00f3 hoy del I Taller sobre mantenimiento y conservaci\u00f3n del los bosques del Sistema Nacional de Bosques Protectores. La cita tuvo como objetivo gestionar una propuesta integral que promueva la gesti\u00f3n responsable de los bosques protectores en el pa\u00eds.<\/p>\n<p style=\"text-align: justify;\">Durante el encuentro se debati\u00f3\u00a0 sobre la normativa legal relacionada a los bosques protectores como la actual Ley Forestal,\u00a0 \u00c1reas Naturales y Vida Silevestre.<\/p>\n<p style=\"text-align: justify;\">Christian Ter\u00e1n, Subsecretario de Patrimonio destac\u00f3 durante la cita el compromiso del Gobierno Nacional para mantener los bosques protectores y\u00a0 la abundante biodiversidad que habita en estos espacios.<\/p>\n<p style=\"text-align: justify;\">Seg\u00fan estad\u00edsticas del Ministerio del Ambiente, en la actualidad 238 bosques protectores se encuentran registrados. Esto representa un total de 2 millones 261 mil hect\u00e1reas de bosques.<\/p>\n<p style=\"text-align: justify;\">La meta del MAE hasta el 2017 consiste en declarar 100 mil hect\u00e1reas adicionales de bosques protectores en todo el pa\u00eds.<\/p>\n<p style=\"text-align: justify;\">El articulo 16 del Libro III del R\u00e9gimen Forestal indica que son bosques y vegetaci\u00f3n protectores aquellas formaciones que est\u00e9n localizadas en \u00e1reas de topograf\u00eda accidentada, en cabeceras de cuencas hidrogr\u00e1ficas o en zonas que por sus condiciones clim\u00e1ticas e hidricas no son aptas para la agricultura o la ganader\u00eda. Las funciones de los bosques protectores son las de conservar el agua, el suelo, la flora y la fauna silvestre.<\/p>\n<p style=\"text-align: justify;\">La declaratoria de bosque protector puede ser gestionada por el Ministerio del Ambiente, o en su defecto por un propietario privado de bosques. Los ciudadanos\/as interesados\/as deben presentar un plan de manejo integral en el cual se indica la actividad que se realizar\u00e1 en el predio, cumpliendo la normativa forestal.<\/p>\n<p style=\"text-align: justify;\">Al taller sobre conversaci\u00f3n de bosques protectores asistieron adem\u00e1s Pablo L\u00f3pez, Director Provincial de Pastaza del Ministerio del Ambiente; Walter Palacios, representante de la organizaci\u00f3n no gubernamental Costas y Bosques; y funcionarios de esta cartera de Estado.<\/p>\n<p style=\"text-align: justify;\"><a href=\"http:\/\/www.ambienteyenergia.gob.ec\/ambiente\/wp-content\/uploads\/2014\/01\/TEPUYES-Nangaritza.jpg\"><a href=\"http:\/\/www.ambienteyenergia.gob.ec\/ambiente\/wp-content\/uploads\/2014\/01\/TEPUYES-Nangaritza.jpg\"><img loading=\"lazy\" decoding=\"async\" class=\"aligncenter size-full wp-image-17599\" alt=\"Bosque Protector de la Cuenca de los Rios Toachi Pilat\u00f3n\" src=\"http:\/\/www.ambienteyenergia.gob.ec\/ambiente\/wp-content\/uploads\/2014\/01\/TEPUYES-Nangaritza.jpg\" width=\"650\" height=\"304\" srcset=\"https:\/\/www.ambienteyenergia.gob.ec\/ambiente\/wp-content\/uploads\/sites\/2\/2014\/01\/TEPUYES-Nangaritza.jpg 650w, https:\/\/www.ambienteyenergia.gob.ec\/ambiente\/wp-content\/uploads\/sites\/2\/2014\/01\/TEPUYES-Nangaritza-300x140.jpg 300w, https:\/\/www.ambienteyenergia.gob.ec\/ambiente\/wp-content\/uploads\/sites\/2\/2014\/01\/TEPUYES-Nangaritza-500x233.jpg 500w\" sizes=\"auto, (max-width: 650px) 100vw, 650px\" \/><\/a><\/a><\/p>\n<p><strong>Para mayor informaci\u00f3n:<\/strong><\/p>\n<p>Andrea Luna D\u00edaz<\/p>\n<p>Comunicaci\u00f3n Social Subsecretaria de Patrimonio Natural<\/p>\n<p>Ministerio del Ambiente<\/p>\n<p>Celular: 0987001292<\/p>\n","protected":false},"excerpt":{"rendered":"<p class=\"excerpt\">El Ministerio del Ambiente, a trav\u00e9s de la Subsecretar\u00eda de Patrimonio, particip\u00f3 hoy del I Taller sobre mantenimiento y conservaci\u00f3n del los bosques del Sistema Nacional de Bosques Protectores. La cita tuvo como objetivo gestionar una propuesta integral que promueva la gesti\u00f3n responsable de los bosques protectores en el pa\u00eds. Durante el encuentro se debati\u00f3\u00a0 sobre la normativa legal relacionada&hellip; <a href=\"https:\/\/www.ambienteyenergia.gob.ec\/ambiente\/mae-fortalece-mantenimiento-de-bosques-protectores-en-el-pais\/\">Read more &rarr;<\/a><\/p>\n","protected":false},"author":13,"featured_media":17598,"comment_status":"open","ping_status":"open","sticky":false,"template":"","format":"standard","meta":{"footnotes":""},"categories":[16,4],"tags":[],"class_list":["post-17597","post","type-post","status-publish","format-standard","has-post-thumbnail","hentry","category-comunicamos","category-noticias","xfolkentry"],"_links":{"self":[{"href":"https:\/\/www.ambienteyenergia.gob.ec\/ambiente\/wp-json\/wp\/v2\/posts\/17597","targetHints":{"allow":["GET"]}}],"collection":[{"href":"https:\/\/www.ambienteyenergia.gob.ec\/ambiente\/wp-json\/wp\/v2\/posts"}],"about":[{"href":"https:\/\/www.ambienteyenergia.gob.ec\/ambiente\/wp-json\/wp\/v2\/types\/post"}],"author":[{"embeddable":true,"href":"https:\/\/www.ambienteyenergia.gob.ec\/ambiente\/wp-json\/wp\/v2\/users\/13"}],"replies":[{"embeddable":true,"href":"https:\/\/www.ambienteyenergia.gob.ec\/ambiente\/wp-json\/wp\/v2\/comments?post=17597"}],"version-history":[{"count":0,"href":"https:\/\/www.ambienteyenergia.gob.ec\/ambiente\/wp-json\/wp\/v2\/posts\/17597\/revisions"}],"wp:featuredmedia":[{"embeddable":true,"href":"https:\/\/www.ambienteyenergia.gob.ec\/ambiente\/wp-json\/wp\/v2\/media\/17598"}],"wp:attachment":[{"href":"https:\/\/www.ambienteyenergia.gob.ec\/ambiente\/wp-json\/wp\/v2\/media?parent=17597"}],"wp:term":[{"taxonomy":"category","embeddable":true,"href":"https:\/\/www.ambienteyenergia.gob.ec\/ambiente\/wp-json\/wp\/v2\/categories?post=17597"},{"taxonomy":"post_tag","embeddable":true,"href":"https:\/\/www.ambienteyenergia.gob.ec\/ambiente\/wp-json\/wp\/v2\/tags?post=17597"}],"curies":[{"name":"wp","href":"https:\/\/api.w.org\/{rel}","templated":true}]}}