{"id":17594,"date":"2014-01-14T16:34:26","date_gmt":"2014-01-14T21:34:26","guid":{"rendered":"http:\/\/www.ambiente.gob.ec\/?p=17594"},"modified":"2014-01-15T08:38:27","modified_gmt":"2014-01-15T13:38:27","slug":"mae-visitara-el-estero-saldo-en-guayaquil-para-analizar-su-restauracion","status":"publish","type":"post","link":"https:\/\/www.ambienteyenergia.gob.ec\/ambiente\/mae-visitara-el-estero-saldo-en-guayaquil-para-analizar-su-restauracion\/","title":{"rendered":"MAE visitar\u00e1 el Estero Saldo en Guayaquil para analizar su restauraci\u00f3n"},"content":{"rendered":"<p style=\"text-align: justify;\">Hoy, el Ministerio del Ambiente (MAE), conjuntamente con una delegaci\u00f3n de la Embajada Francesa, dialogaron sobre el proceso de Generaci\u00f3n y Restauraci\u00f3n de \u00c1reas verdes especialmente para el proyecto Guayaquil Ecol\u00f3gico.<\/p>\n<p style=\"text-align: justify;\">El objetivo de la reuni\u00f3n fue establecer propuestas de dragado para el Estero Saldo, que constituye una de las \u00e1reas de trabajo del MAE, para la rehabilitaci\u00f3n ecol\u00f3gica de\u00a0 Guayaquil y Dur\u00e1n.<\/p>\n<p style=\"text-align: justify;\">La estrategia considerada para la conservaci\u00f3n y restauraci\u00f3n de esta \u00e1rea protegida es la Educaci\u00f3n Ambiental y Social que sensibilice a la comunidad, sobre la importancia de no contaminar este brazo de mar, que constituye un punto de acumulaci\u00f3n de desperdicios durante los \u00faltimos 40 a\u00f1os.<\/p>\n<p style=\"text-align: justify;\">MAE con el prop\u00f3sito de fortalecer los lineamientos ambientales aplicar\u00e1 medidas de precautelaci\u00f3n y restricci\u00f3n para las actividades que puedan conducir a la extinci\u00f3n de especies, la destrucci\u00f3n de ecosistemas o la alteraci\u00f3n permanente de los ciclos naturales en la ciudad de Guayaquil.<\/p>\n<p style=\"text-align: justify;\">El proyecto concluir\u00e1 en 2017 y su meta es devolverle a Guayaquil espacios restaurados con \u00e1reas naturales que la poblaci\u00f3n pueda disfrutar.<\/p>\n<p style=\"text-align: justify;\">El 15 y 16 de enero, la delegaci\u00f3n francesa realizar\u00e1 una visita t\u00e9cnica al Estero Salado, para evaluar futuros proyectos y analizar el estado del lugar. El primer d\u00eda estar\u00e1n acompa\u00f1ados de la Ministra de Ambiente, Lorena Tapia N\u00fa\u00f1ez.<\/p>\n<p style=\"text-align: justify;\">\n","protected":false},"excerpt":{"rendered":"<p class=\"excerpt\">Hoy, el Ministerio del Ambiente (MAE), conjuntamente con una delegaci\u00f3n de la Embajada Francesa, dialogaron sobre el proceso de Generaci\u00f3n y Restauraci\u00f3n de \u00c1reas verdes especialmente para el proyecto Guayaquil Ecol\u00f3gico. El objetivo de la reuni\u00f3n fue establecer propuestas de dragado para el Estero Saldo, que constituye una de las \u00e1reas de trabajo del MAE, para la rehabilitaci\u00f3n ecol\u00f3gica de\u00a0&hellip; <a href=\"https:\/\/www.ambienteyenergia.gob.ec\/ambiente\/mae-visitara-el-estero-saldo-en-guayaquil-para-analizar-su-restauracion\/\">Read more &rarr;<\/a><\/p>\n","protected":false},"author":13,"featured_media":17595,"comment_status":"open","ping_status":"open","sticky":false,"template":"","format":"standard","meta":{"footnotes":""},"categories":[16,4],"tags":[],"class_list":["post-17594","post","type-post","status-publish","format-standard","has-post-thumbnail","hentry","category-comunicamos","category-noticias","xfolkentry"],"_links":{"self":[{"href":"https:\/\/www.ambienteyenergia.gob.ec\/ambiente\/wp-json\/wp\/v2\/posts\/17594","targetHints":{"allow":["GET"]}}],"collection":[{"href":"https:\/\/www.ambienteyenergia.gob.ec\/ambiente\/wp-json\/wp\/v2\/posts"}],"about":[{"href":"https:\/\/www.ambienteyenergia.gob.ec\/ambiente\/wp-json\/wp\/v2\/types\/post"}],"author":[{"embeddable":true,"href":"https:\/\/www.ambienteyenergia.gob.ec\/ambiente\/wp-json\/wp\/v2\/users\/13"}],"replies":[{"embeddable":true,"href":"https:\/\/www.ambienteyenergia.gob.ec\/ambiente\/wp-json\/wp\/v2\/comments?post=17594"}],"version-history":[{"count":0,"href":"https:\/\/www.ambienteyenergia.gob.ec\/ambiente\/wp-json\/wp\/v2\/posts\/17594\/revisions"}],"wp:featuredmedia":[{"embeddable":true,"href":"https:\/\/www.ambienteyenergia.gob.ec\/ambiente\/wp-json\/wp\/v2\/media\/17595"}],"wp:attachment":[{"href":"https:\/\/www.ambienteyenergia.gob.ec\/ambiente\/wp-json\/wp\/v2\/media?parent=17594"}],"wp:term":[{"taxonomy":"category","embeddable":true,"href":"https:\/\/www.ambienteyenergia.gob.ec\/ambiente\/wp-json\/wp\/v2\/categories?post=17594"},{"taxonomy":"post_tag","embeddable":true,"href":"https:\/\/www.ambienteyenergia.gob.ec\/ambiente\/wp-json\/wp\/v2\/tags?post=17594"}],"curies":[{"name":"wp","href":"https:\/\/api.w.org\/{rel}","templated":true}]}}