{"id":17588,"date":"2014-01-10T17:53:10","date_gmt":"2014-01-10T22:53:10","guid":{"rendered":"http:\/\/www.ambiente.gob.ec\/?p=17588"},"modified":"2014-01-16T09:12:35","modified_gmt":"2014-01-16T14:12:35","slug":"proyecto-suiapresento-sus-avances-a-la-fao-en-roma","status":"publish","type":"post","link":"https:\/\/www.ambienteyenergia.gob.ec\/ambiente\/proyecto-suiapresento-sus-avances-a-la-fao-en-roma\/","title":{"rendered":"Proyecto SUIA present\u00f3 sus avances a la FAO, en Roma"},"content":{"rendered":"<p style=\"text-align: justify;\">La Sra. Ministra de Ambiente Lorena Tapia N\u00fa\u00f1ez, solicit\u00f3 formalmente a la Organizaci\u00f3n de las Naciones Unidas para la Alimentaci\u00f3n y la Agricultura (FAO, por sus siglas en ingl\u00e9s)que se reciba en sus instalaciones en la ciudad de Roma en Italia del 4 al 8 de noviembre del presente a una delegaci\u00f3n de funcionarios del Ministerio del Proyecto Sistema \u00danico de Informaci\u00f3n Ambiental, SUIA, con el objetivo de recibir una capacitaci\u00f3n acerca del software \u00abchef-solo\u00bb (geo-visor) realizado en c\u00f3digo JAVA y desarrollado por FAO, herramienta de vital importancia para el MAE y que se est\u00e1 implementando en el SUIA para documentar y registrar los procesos geogr\u00e1ficos del Ecuador, su informaci\u00f3n cartogr\u00e1fica y como fuente de consulta de manera remota.<\/p>\n<p style=\"text-align: justify;\">El SUIA es uno de los sistemas m\u00e1s importantes del Ecuador, porque abarca dentro de su plataforma on-line, toda la gesti\u00f3n ambiental y los servicios que ofrece el Ministerio del Ambiente, adicionalmente dispone de una base de datos ambiental unificada que facilita la toma de decisiones y la formulaci\u00f3n de Pol\u00edticas P\u00fablicas Ambientales que permitan la preservaci\u00f3n del medio ambiente, y es por esto que el SUIA es un referente a nivel Sudamericano.<\/p>\n<p style=\"text-align: justify;\">En la jornada de trabajo, funcionarios del MAE se capacitaron en herramientas t\u00e9cnicas implementadas por el Programa ONU-REDD en la FAO Roma, tecnolog\u00edas que sirven espec\u00edficamente para desplegar informaci\u00f3n en el sistema.<\/p>\n<p style=\"text-align: justify;\">En este sentido, se logr\u00f3 obtener los conocimientos necesarios para comprender la \u201cl\u00f3gica\u201d de desarrollo del sistema, al igual, que canalizar la capacitaci\u00f3n hacia la generaci\u00f3n de \u201ccapas visuales\u201d para presentaci\u00f3n de informaci\u00f3n. Esto facilita la tabulaci\u00f3n de informaci\u00f3n de los diferentes indicadores ambientales que maneja el MAE por provincias y sus distribuciones planificadas.<\/p>\n<p style=\"text-align: justify;\">Asimismo, dentro del contexto del aplicativo, se realiz\u00f3 una pr\u00e1ctica de recuperaci\u00f3n de im\u00e1genes emitidas por c\u00e1maras IP (desde el geovisor), lo que permitir\u00e1, de ser necesario, al Ministerio del Ambiente, monitorear en tiempo real, im\u00e1genes de distintos lugares geogr\u00e1ficos, utilizando el geo-posicionamiento del visor.<\/p>\n<p style=\"text-align: justify;\">Es necesario indicar, que se logr\u00f3 una importante relaci\u00f3n de cooperaci\u00f3n con el grupo de desarrollo tecnol\u00f3gico del geovisor elaborado por FAO. Adem\u00e1s, se establecieron las bases para lograr crear una \u201ccomunidad de desarrollo regional\/mundial\u201d, para el uso del sistema en otros pa\u00edses que est\u00e9n interesados en la implementaci\u00f3n del visor a futuro.<\/p>\n<p style=\"text-align: justify;\">Por otro lado, se analiz\u00f3 la posibilidad de vincular la base de datos ambiental con el registro nacional de datos de gases de efecto invernadero. En el acto oficial, Geovanny Ald\u00e1s, Gerente del Proyecto SUIA, expuso la funcionalidad del sistema y la importancia que tiene para el pa\u00eds, principalmente por las facilidades que brinda a los usuarios tanto internos como externos y a la poblaci\u00f3n mundial.<\/p>\n<p style=\"text-align: justify;\">Es por esto que, Catherine Bodart punto focal para Ecuador del Programa ONU-REDD de FAO Roma visit\u00f3 las instalaciones del MAE en el Ecuador para fortalecer el compromiso entre las dos instituciones por la importancia de la informaci\u00f3n que manejamos, lo que convierte al pa\u00eds en uno de los referentes a nivel regional. \u201cLa experiencia que tuvimos entre la FAO y MAE en Roma fue espectacular porque se avanza muy r\u00e1pido en lo que estamos desarrollando y veo una gran posibilidad de que Ecuador apoye a otros pa\u00edses en cuanto a la administraci\u00f3n y diseminaci\u00f3n de la informaci\u00f3n ambiental. El nivel de informaci\u00f3n es muy elevado. Ahora estamos trabajando con Argentina, Paraguay y pr\u00f3ximamente Colombia respecto del manejo de estas herramientas de acceso libre y gratuitas por lo que la FAO quiere fomentar el intercambio de experiencias y el fortalecimiento de capacitaci\u00f3n en varios pa\u00edses\u201d, dijo la especialista.<\/p>\n<p style=\"text-align: justify;\">Las expectativas de la FAO son seguir apoyando al Ecuador para que a futuro nuestro pa\u00eds tambi\u00e9n pueda seguir apoyando a los dem\u00e1s pa\u00edses a nivel regional.<\/p>\n<p style=\"text-align: justify;\"><strong>Compromisos adquiridos<\/strong><\/p>\n<ul>\n<li style=\"text-align: justify;\">Incorporaci\u00f3n del geovisor, a la plataforma del SUIA en el menor tiempo posible.<\/li>\n<li style=\"text-align: justify;\">Tareas de modificaci\u00f3n para la personalizaci\u00f3n del visor de acuerdo a las necesidades del Ministerio del Ambiente.<\/li>\n<li style=\"text-align: justify;\">Coordinaci\u00f3n y cooperaci\u00f3n con FAO, respecto a cambios que puedan aportar en el mejoramiento de la plataforma.<\/li>\n<li style=\"text-align: justify;\">Cooperaci\u00f3n y asesor\u00eda permanente de la FAO al equipo de desarrollo del SUIA, en los cambios que requiera el Ministerio, respecto al visor.<\/li>\n<li style=\"text-align: justify;\">Elaboraci\u00f3n de la documentaci\u00f3n t\u00e9cnica del visor por parte de la FAO para su mejor entendimiento para el \u00e1rea de desarrollo.<\/li>\n<li style=\"text-align: justify;\">Seguimiento a cargo de la FAO durante la implantaci\u00f3n del visor del Ministerio del Ambiente.<\/li>\n<li style=\"text-align: justify;\">Apoyo del Ministerio del Ambiente en talleres y redes de intercambio sobre el desarrollo, implantaci\u00f3n y personalizaci\u00f3n del geovisor.<\/li>\n<\/ul>\n","protected":false},"excerpt":{"rendered":"<p class=\"excerpt\">La Sra. Ministra de Ambiente Lorena Tapia N\u00fa\u00f1ez, solicit\u00f3 formalmente a la Organizaci\u00f3n de las Naciones Unidas para la Alimentaci\u00f3n y la Agricultura (FAO, por sus siglas en ingl\u00e9s)que se reciba en sus instalaciones en la ciudad de Roma en Italia del 4 al 8 de noviembre del presente a una delegaci\u00f3n de funcionarios del Ministerio del Proyecto Sistema \u00danico&hellip; <a href=\"https:\/\/www.ambienteyenergia.gob.ec\/ambiente\/proyecto-suiapresento-sus-avances-a-la-fao-en-roma\/\">Read more &rarr;<\/a><\/p>\n","protected":false},"author":13,"featured_media":17671,"comment_status":"open","ping_status":"open","sticky":false,"template":"","format":"standard","meta":{"footnotes":""},"categories":[16,4],"tags":[],"class_list":["post-17588","post","type-post","status-publish","format-standard","has-post-thumbnail","hentry","category-comunicamos","category-noticias","xfolkentry"],"_links":{"self":[{"href":"https:\/\/www.ambienteyenergia.gob.ec\/ambiente\/wp-json\/wp\/v2\/posts\/17588","targetHints":{"allow":["GET"]}}],"collection":[{"href":"https:\/\/www.ambienteyenergia.gob.ec\/ambiente\/wp-json\/wp\/v2\/posts"}],"about":[{"href":"https:\/\/www.ambienteyenergia.gob.ec\/ambiente\/wp-json\/wp\/v2\/types\/post"}],"author":[{"embeddable":true,"href":"https:\/\/www.ambienteyenergia.gob.ec\/ambiente\/wp-json\/wp\/v2\/users\/13"}],"replies":[{"embeddable":true,"href":"https:\/\/www.ambienteyenergia.gob.ec\/ambiente\/wp-json\/wp\/v2\/comments?post=17588"}],"version-history":[{"count":0,"href":"https:\/\/www.ambienteyenergia.gob.ec\/ambiente\/wp-json\/wp\/v2\/posts\/17588\/revisions"}],"wp:featuredmedia":[{"embeddable":true,"href":"https:\/\/www.ambienteyenergia.gob.ec\/ambiente\/wp-json\/wp\/v2\/media\/17671"}],"wp:attachment":[{"href":"https:\/\/www.ambienteyenergia.gob.ec\/ambiente\/wp-json\/wp\/v2\/media?parent=17588"}],"wp:term":[{"taxonomy":"category","embeddable":true,"href":"https:\/\/www.ambienteyenergia.gob.ec\/ambiente\/wp-json\/wp\/v2\/categories?post=17588"},{"taxonomy":"post_tag","embeddable":true,"href":"https:\/\/www.ambienteyenergia.gob.ec\/ambiente\/wp-json\/wp\/v2\/tags?post=17588"}],"curies":[{"name":"wp","href":"https:\/\/api.w.org\/{rel}","templated":true}]}}