{"id":17572,"date":"2014-01-13T13:58:58","date_gmt":"2014-01-13T18:58:58","guid":{"rendered":"http:\/\/www.ambiente.gob.ec\/?p=17572"},"modified":"2014-01-15T08:34:10","modified_gmt":"2014-01-15T13:34:10","slug":"mae-capacita-a-militares-de-esmeraldas-en-temas-ambientales","status":"publish","type":"post","link":"https:\/\/www.ambienteyenergia.gob.ec\/ambiente\/mae-capacita-a-militares-de-esmeraldas-en-temas-ambientales\/","title":{"rendered":"MAE capacita a militares de Esmeraldas en temas ambientales"},"content":{"rendered":"<p style=\"text-align: justify;\">En el marco del \u201cEstado de Excepci\u00f3n\u201d se acord\u00f3 realizar una capacitaci\u00f3n al personal militar, tomando en consideraci\u00f3n su participaci\u00f3n constante y efectiva, durante el control de la tala y movilizaci\u00f3n de la madera ilegal en las v\u00edas de la provincia de Esmeraldas. El 07 y 08 de Enero\u00a0en las instalaciones del BIMESM, ubicado en la parte posterior de la Refiner\u00eda en el Km 1 \u2013 Atacames, se ejecut\u00f3 una charla sobre diversas tem\u00e1ticas como Manejo Forestal Sustentable, Control Forestal, Legislaci\u00f3n Forestal, entre otras.<\/p>\n<p style=\"text-align: justify;\">Referente a esto, la Nota Reversal firmada entre los Ministros del Ambiente y Defensa el 17 de Agosto de 2012 establece en el art. 2.2 en el Cap\u00edtulo de Compromisos del Ministerio del Ambiente, la capacitaci\u00f3n espec\u00edfica y puntual en temas ambientales, para miembros del nivel operativo de las diferentes fuerzas. (La Nota Reversal se encuentra en fase de actualizaci\u00f3n y su suscripci\u00f3n esta en proceso).<\/p>\n<p style=\"text-align: justify;\">A trav\u00e9s de estas capacitaciones el MAE busca crear conciencia, impartir conocimientos, desarrollar habilidades y asumir compromisos ciudadanos en cada uno de los territorios ecuatorianos, de forma particular en Esmeradas donde existe la tasa mas alta de deforestaci\u00f3n en el pa\u00eds.<\/p>\n","protected":false},"excerpt":{"rendered":"<p class=\"excerpt\">En el marco del \u201cEstado de Excepci\u00f3n\u201d se acord\u00f3 realizar una capacitaci\u00f3n al personal militar, tomando en consideraci\u00f3n su participaci\u00f3n constante y efectiva, durante el control de la tala y movilizaci\u00f3n de la madera ilegal en las v\u00edas de la provincia de Esmeraldas. El 07 y 08 de Enero\u00a0en las instalaciones del BIMESM, ubicado en la parte posterior de la&hellip; <a href=\"https:\/\/www.ambienteyenergia.gob.ec\/ambiente\/mae-capacita-a-militares-de-esmeraldas-en-temas-ambientales\/\">Read more &rarr;<\/a><\/p>\n","protected":false},"author":13,"featured_media":17573,"comment_status":"open","ping_status":"open","sticky":false,"template":"","format":"standard","meta":{"footnotes":""},"categories":[16,4],"tags":[],"class_list":["post-17572","post","type-post","status-publish","format-standard","has-post-thumbnail","hentry","category-comunicamos","category-noticias","xfolkentry"],"_links":{"self":[{"href":"https:\/\/www.ambienteyenergia.gob.ec\/ambiente\/wp-json\/wp\/v2\/posts\/17572","targetHints":{"allow":["GET"]}}],"collection":[{"href":"https:\/\/www.ambienteyenergia.gob.ec\/ambiente\/wp-json\/wp\/v2\/posts"}],"about":[{"href":"https:\/\/www.ambienteyenergia.gob.ec\/ambiente\/wp-json\/wp\/v2\/types\/post"}],"author":[{"embeddable":true,"href":"https:\/\/www.ambienteyenergia.gob.ec\/ambiente\/wp-json\/wp\/v2\/users\/13"}],"replies":[{"embeddable":true,"href":"https:\/\/www.ambienteyenergia.gob.ec\/ambiente\/wp-json\/wp\/v2\/comments?post=17572"}],"version-history":[{"count":0,"href":"https:\/\/www.ambienteyenergia.gob.ec\/ambiente\/wp-json\/wp\/v2\/posts\/17572\/revisions"}],"wp:featuredmedia":[{"embeddable":true,"href":"https:\/\/www.ambienteyenergia.gob.ec\/ambiente\/wp-json\/wp\/v2\/media\/17573"}],"wp:attachment":[{"href":"https:\/\/www.ambienteyenergia.gob.ec\/ambiente\/wp-json\/wp\/v2\/media?parent=17572"}],"wp:term":[{"taxonomy":"category","embeddable":true,"href":"https:\/\/www.ambienteyenergia.gob.ec\/ambiente\/wp-json\/wp\/v2\/categories?post=17572"},{"taxonomy":"post_tag","embeddable":true,"href":"https:\/\/www.ambienteyenergia.gob.ec\/ambiente\/wp-json\/wp\/v2\/tags?post=17572"}],"curies":[{"name":"wp","href":"https:\/\/api.w.org\/{rel}","templated":true}]}}