{"id":17570,"date":"2014-01-13T13:53:19","date_gmt":"2014-01-13T18:53:19","guid":{"rendered":"http:\/\/www.ambiente.gob.ec\/?p=17570"},"modified":"2014-01-13T14:31:50","modified_gmt":"2014-01-13T19:31:50","slug":"mae-santo-domingo-de-los-tsachilas-rescata-especimenes-de-fauna-silvestre","status":"publish","type":"post","link":"https:\/\/www.ambienteyenergia.gob.ec\/ambiente\/mae-santo-domingo-de-los-tsachilas-rescata-especimenes-de-fauna-silvestre\/","title":{"rendered":"MAE rescata espec\u00edmenes de fauna silvestre"},"content":{"rendered":"<p lang=\"es-ES\" align=\"JUSTIFY\"><span style=\"color: #000000;\">En el transcurso de enero del a\u00f1o 2014, funcionarios de la Direcci\u00f3n Provincial del Ambiente de Santo Domingo de los Ts\u00e1chilas y agentes de la Unidad de Protecci\u00f3n del Medio Ambiente de la Polic\u00eda Nacional, procedieron a rescatar a varios espec\u00edmenes de fauna silvestre encontrados y entregados en diferentes sectores de la ciudad.<\/span><\/p>\n<p lang=\"es-ES\" align=\"JUSTIFY\"><span style=\"color: #000000;\">Los espec\u00edmenes en menci\u00f3n son, un oso perezoso de tres u\u00f1as (<i>Bradypus variegatus<\/i>), una tortuga terrestre (<i>Geochelone denticulata), <\/i>una boa matacaballo (<i>Boa constrictor constrictor<\/i>), una iguana verde juvenil (<i>Iguana iguana<\/i>), un cusumbo (<i>Potos flavus<\/i> ) y cuatro gallaretas (<i>Gallinula chloropus<\/i>).<\/span><\/p>\n<p lang=\"es-ES\" align=\"JUSTIFY\"><span style=\"color: #000000;\">Los animales fueron entregados en custodia temporal a Centros de Rescate de Fauna Silvestre de la provincia, para que los veterinarios realicen una valoraci\u00f3n de salud y pasen el proceso de cuarentena para su liberaci\u00f3n. La iguana verde, el perezoso de tres u\u00f1as y la boa matacaballo, luego de los chequeos fueron liberados en el Bosque Protector de la Unidad Educativa \u201cKASAMA\u201d de Santo Domingo.<\/span><\/p>\n<p lang=\"es-ES\" align=\"JUSTIFY\"><span style=\"color: #000000;\">El Ministerio del Ambiente viene ejecutando estos operativos, como parte del control de tr\u00e1fico de animales de vida silvestre en la provincia Ts\u00e1chila. Por ello, se invita a la ciudadan\u00eda a seguir realizando las denuncias pertinentes al 1800 MAE, al ECU 911 o al 115 de la Polic\u00eda Nacional.<\/span><\/p>\n<div id='gallery-1' class='gallery galleryid-17570 gallery-columns-3 gallery-size-thumbnail'><dl class='gallery-item'>\n\t\t\t<dt class='gallery-icon landscape'>\n\t\t\t\t<a href='https:\/\/www.ambienteyenergia.gob.ec\/ambiente\/mae-santo-domingo-de-los-tsachilas-rescata-especimenes-de-fauna-silvestre\/tortuga-sdt\/'><img loading=\"lazy\" decoding=\"async\" width=\"150\" height=\"150\" src=\"https:\/\/www.ambienteyenergia.gob.ec\/ambiente\/wp-content\/uploads\/sites\/2\/2014\/01\/TORTUGA-SDT-150x150.jpg\" class=\"attachment-thumbnail size-thumbnail\" alt=\"\" \/><\/a>\n\t\t\t<\/dt><\/dl><dl class='gallery-item'>\n\t\t\t<dt class='gallery-icon landscape'>\n\t\t\t\t<a href='https:\/\/www.ambienteyenergia.gob.ec\/ambiente\/mae-santo-domingo-de-los-tsachilas-rescata-especimenes-de-fauna-silvestre\/gallareta-sdt\/'><img loading=\"lazy\" decoding=\"async\" width=\"150\" height=\"150\" src=\"https:\/\/www.ambienteyenergia.gob.ec\/ambiente\/wp-content\/uploads\/sites\/2\/2014\/01\/GALLARETA-SDT-150x150.jpg\" class=\"attachment-thumbnail size-thumbnail\" alt=\"\" \/><\/a>\n\t\t\t<\/dt><\/dl><dl class='gallery-item'>\n\t\t\t<dt class='gallery-icon landscape'>\n\t\t\t\t<a href='https:\/\/www.ambienteyenergia.gob.ec\/ambiente\/mae-santo-domingo-de-los-tsachilas-rescata-especimenes-de-fauna-silvestre\/gallareta-sdt-2\/'><img loading=\"lazy\" decoding=\"async\" width=\"150\" height=\"150\" src=\"https:\/\/www.ambienteyenergia.gob.ec\/ambiente\/wp-content\/uploads\/sites\/2\/2014\/01\/GALLARETA-SDT-2-150x150.jpg\" class=\"attachment-thumbnail size-thumbnail\" alt=\"\" \/><\/a>\n\t\t\t<\/dt><\/dl><br style=\"clear: both\" \/><dl class='gallery-item'>\n\t\t\t<dt class='gallery-icon landscape'>\n\t\t\t\t<a href='https:\/\/www.ambienteyenergia.gob.ec\/ambiente\/mae-santo-domingo-de-los-tsachilas-rescata-especimenes-de-fauna-silvestre\/e-r-fauna-silvestre-sdt\/'><img loading=\"lazy\" decoding=\"async\" width=\"150\" height=\"150\" src=\"https:\/\/www.ambienteyenergia.gob.ec\/ambiente\/wp-content\/uploads\/sites\/2\/2014\/01\/E-R-FAUNA-SILVESTRE-SDT-150x150.jpg\" class=\"attachment-thumbnail size-thumbnail\" alt=\"\" \/><\/a>\n\t\t\t<\/dt><\/dl>\n\t\t\t<br style='clear: both' \/>\n\t\t<\/div>\n\n","protected":false},"excerpt":{"rendered":"<p class=\"excerpt\">En el transcurso de enero del a\u00f1o 2014, funcionarios de la Direcci\u00f3n Provincial del Ambiente de Santo Domingo de los Ts\u00e1chilas y agentes de la Unidad de Protecci\u00f3n del Medio Ambiente de la Polic\u00eda Nacional, procedieron a rescatar a varios espec\u00edmenes de fauna silvestre encontrados y entregados en diferentes sectores de la ciudad. Los espec\u00edmenes en menci\u00f3n son, un oso&hellip; <a href=\"https:\/\/www.ambienteyenergia.gob.ec\/ambiente\/mae-santo-domingo-de-los-tsachilas-rescata-especimenes-de-fauna-silvestre\/\">Read more &rarr;<\/a><\/p>\n","protected":false},"author":13,"featured_media":17576,"comment_status":"open","ping_status":"open","sticky":false,"template":"","format":"standard","meta":{"footnotes":""},"categories":[16,4],"tags":[],"class_list":["post-17570","post","type-post","status-publish","format-standard","has-post-thumbnail","hentry","category-comunicamos","category-noticias","xfolkentry"],"_links":{"self":[{"href":"https:\/\/www.ambienteyenergia.gob.ec\/ambiente\/wp-json\/wp\/v2\/posts\/17570","targetHints":{"allow":["GET"]}}],"collection":[{"href":"https:\/\/www.ambienteyenergia.gob.ec\/ambiente\/wp-json\/wp\/v2\/posts"}],"about":[{"href":"https:\/\/www.ambienteyenergia.gob.ec\/ambiente\/wp-json\/wp\/v2\/types\/post"}],"author":[{"embeddable":true,"href":"https:\/\/www.ambienteyenergia.gob.ec\/ambiente\/wp-json\/wp\/v2\/users\/13"}],"replies":[{"embeddable":true,"href":"https:\/\/www.ambienteyenergia.gob.ec\/ambiente\/wp-json\/wp\/v2\/comments?post=17570"}],"version-history":[{"count":0,"href":"https:\/\/www.ambienteyenergia.gob.ec\/ambiente\/wp-json\/wp\/v2\/posts\/17570\/revisions"}],"wp:featuredmedia":[{"embeddable":true,"href":"https:\/\/www.ambienteyenergia.gob.ec\/ambiente\/wp-json\/wp\/v2\/media\/17576"}],"wp:attachment":[{"href":"https:\/\/www.ambienteyenergia.gob.ec\/ambiente\/wp-json\/wp\/v2\/media?parent=17570"}],"wp:term":[{"taxonomy":"category","embeddable":true,"href":"https:\/\/www.ambienteyenergia.gob.ec\/ambiente\/wp-json\/wp\/v2\/categories?post=17570"},{"taxonomy":"post_tag","embeddable":true,"href":"https:\/\/www.ambienteyenergia.gob.ec\/ambiente\/wp-json\/wp\/v2\/tags?post=17570"}],"curies":[{"name":"wp","href":"https:\/\/api.w.org\/{rel}","templated":true}]}}