{"id":17560,"date":"2014-01-10T16:55:18","date_gmt":"2014-01-10T21:55:18","guid":{"rendered":"http:\/\/www.ambiente.gob.ec\/?p=17560"},"modified":"2014-01-10T16:55:18","modified_gmt":"2014-01-10T21:55:18","slug":"300-personas-capacitadas-en-carchi-para-la-preservacion-del-condor-andino","status":"publish","type":"post","link":"https:\/\/www.ambienteyenergia.gob.ec\/ambiente\/300-personas-capacitadas-en-carchi-para-la-preservacion-del-condor-andino\/","title":{"rendered":"300 personas capacitadas en Carchi para la preservaci\u00f3n del c\u00f3ndor andino"},"content":{"rendered":"<p style=\"text-align: justify;\">La Direcci\u00f3n Provincial del Ambiente (DPA) Carchi, ha capacitado a 300 personas de las comunidades Juan Montalvo, Santiaguillo y Huaquer. La iniciativa naci\u00f3 tras el avistamiento de un c\u00f3ndor en la v\u00eda Mira.<\/p>\n<p style=\"text-align: justify;\">El Ministerio del Ambiente (MAE), preocupado por la supervivencia de \u00e9sta emblem\u00e1tica ave, cre\u00f3 la Estrategia de Conservaci\u00f3n del C\u00f3ndor Andino, con la finalidad de protegerlo a trav\u00e9s de programas de manejo, investigaci\u00f3n, educaci\u00f3n, informaci\u00f3n, capacitaci\u00f3n y comunicaci\u00f3n, asimismo la Direcci\u00f3n Nacional de Biodiversidad dotar\u00e1 de equipos para monitoreo de fauna a la Reserva Ecol\u00f3gica El \u00c1ngel, como: binoculares, c\u00e1maras fotogr\u00e1ficas y c\u00e1maras trampa, adicional est\u00e1n realizando las siguientes acciones a favor de la conservaci\u00f3n de la especie:<\/p>\n<p style=\"text-align: justify;\">\n<ul style=\"text-align: justify;\">\n<li>Se ha capacitado a los trabajadores de la constructora OBRACIV, quienes al realizar adecuaciones de la V\u00eda Mira \u2013 Juan Montalvo observaron directamente al c\u00f3ndor juvenil macho, el pasado s\u00e1bado 4 de enero.<\/li>\n<li>Los especialistas del Grupo Nacional de Conservaci\u00f3n de C\u00f3ndor Andino del Ecuador, trabajan en la creaci\u00f3n de acciones de monitoreo de la especie, tales como la colocaci\u00f3n de equipo de rastreo satelital.<\/li>\n<li>En coordinaci\u00f3n con la DPA Carchi, los especialistas capacitar\u00e1n a los guardaparques de la Reserva Ecol\u00f3gica El \u00c1ngel, en t\u00e9cnicas de monitoreo de c\u00f3ndores andinos.<\/li>\n<\/ul>\n<p style=\"text-align: justify;\">En ese sentido, el MAE esta enfocado en las capacitaciones de conservaci\u00f3n de los recursos naturales y la preservaci\u00f3n de los ecosistemas, dentro de los cuales habitan especies de vida silvestre.<\/p>\n<p style=\"text-align: justify;\">\n","protected":false},"excerpt":{"rendered":"<p class=\"excerpt\">La Direcci\u00f3n Provincial del Ambiente (DPA) Carchi, ha capacitado a 300 personas de las comunidades Juan Montalvo, Santiaguillo y Huaquer. La iniciativa naci\u00f3 tras el avistamiento de un c\u00f3ndor en la v\u00eda Mira. El Ministerio del Ambiente (MAE), preocupado por la supervivencia de \u00e9sta emblem\u00e1tica ave, cre\u00f3 la Estrategia de Conservaci\u00f3n del C\u00f3ndor Andino, con la finalidad de protegerlo a&hellip; <a href=\"https:\/\/www.ambienteyenergia.gob.ec\/ambiente\/300-personas-capacitadas-en-carchi-para-la-preservacion-del-condor-andino\/\">Read more &rarr;<\/a><\/p>\n","protected":false},"author":13,"featured_media":17364,"comment_status":"open","ping_status":"open","sticky":false,"template":"","format":"standard","meta":{"footnotes":""},"categories":[16,4],"tags":[],"class_list":["post-17560","post","type-post","status-publish","format-standard","has-post-thumbnail","hentry","category-comunicamos","category-noticias","xfolkentry"],"_links":{"self":[{"href":"https:\/\/www.ambienteyenergia.gob.ec\/ambiente\/wp-json\/wp\/v2\/posts\/17560","targetHints":{"allow":["GET"]}}],"collection":[{"href":"https:\/\/www.ambienteyenergia.gob.ec\/ambiente\/wp-json\/wp\/v2\/posts"}],"about":[{"href":"https:\/\/www.ambienteyenergia.gob.ec\/ambiente\/wp-json\/wp\/v2\/types\/post"}],"author":[{"embeddable":true,"href":"https:\/\/www.ambienteyenergia.gob.ec\/ambiente\/wp-json\/wp\/v2\/users\/13"}],"replies":[{"embeddable":true,"href":"https:\/\/www.ambienteyenergia.gob.ec\/ambiente\/wp-json\/wp\/v2\/comments?post=17560"}],"version-history":[{"count":0,"href":"https:\/\/www.ambienteyenergia.gob.ec\/ambiente\/wp-json\/wp\/v2\/posts\/17560\/revisions"}],"wp:featuredmedia":[{"embeddable":true,"href":"https:\/\/www.ambienteyenergia.gob.ec\/ambiente\/wp-json\/wp\/v2\/media\/17364"}],"wp:attachment":[{"href":"https:\/\/www.ambienteyenergia.gob.ec\/ambiente\/wp-json\/wp\/v2\/media?parent=17560"}],"wp:term":[{"taxonomy":"category","embeddable":true,"href":"https:\/\/www.ambienteyenergia.gob.ec\/ambiente\/wp-json\/wp\/v2\/categories?post=17560"},{"taxonomy":"post_tag","embeddable":true,"href":"https:\/\/www.ambienteyenergia.gob.ec\/ambiente\/wp-json\/wp\/v2\/tags?post=17560"}],"curies":[{"name":"wp","href":"https:\/\/api.w.org\/{rel}","templated":true}]}}