{"id":17557,"date":"2014-01-09T14:12:40","date_gmt":"2014-01-09T19:12:40","guid":{"rendered":"http:\/\/www.ambiente.gob.ec\/?p=17557"},"modified":"2014-01-10T15:42:41","modified_gmt":"2014-01-10T20:42:41","slug":"recurso-de-apelacion-presentado-por-fundacion-pachamama","status":"publish","type":"post","link":"https:\/\/www.ambienteyenergia.gob.ec\/ambiente\/recurso-de-apelacion-presentado-por-fundacion-pachamama\/","title":{"rendered":"Recurso de apelaci\u00f3n presentado por Fundaci\u00f3n Pachamama"},"content":{"rendered":"<p style=\"text-align: justify;\">El pasado 4 de diciembre de 2013, el Ministerio del Ambiente del Ecuador (MAE), resolvi\u00f3 disolver de oficio a la Fundaci\u00f3n Pachamama, luego de que un informe del Ministerio de Interior corroborara lo sustanciado en el procedimiento contra la ONG por ejecutar acciones no coordinadas con dicha Cartera de Estado y que no constaban en sus\u00a0fines y objetivos estatutarios.<\/p>\n<p style=\"text-align: justify;\">Esta semana, el Ministerio del Ambiente notific\u00f3 a la Fundaci\u00f3n Pachamama su respuesta <i>negativa a la solicitud de suspensi\u00f3n del acto impugnado (Acuerdo Ministerial No. 125)<\/i><\/p>\n<p style=\"text-align: justify;\">En ese sentido, se puntualiza como antecedentes lo siguiente:<\/p>\n<p style=\"text-align: justify;\">1. Conforme lo dispuesto por el art\u00edculo 189 numeral 1 del Estatuto del R\u00e9gimen Jur\u00eddico Administrativo de la Funci\u00f3n Ejecutiva (ERJAFE): \u00abLa interposici\u00f3n de cualquier recurso, excepto en los casos en que una disposici\u00f3n establezca lo contrario, <b>no suspender\u00e1 la ejecuci\u00f3n del acto impugnado\u00bb <\/b><\/p>\n<p style=\"text-align: justify;\">2.<b> <\/b>Asimismo, el Art. 161 de la ERJAFE establece que: \u00abLos actos de la administraci\u00f3n p\u00fablica ser\u00e1n inmediatamente ejecutivos\u2026 \u00ab.<\/p>\n<p style=\"text-align: justify;\">3.\u00a0 Con esto, a trav\u00e9s de providencia de fecha 6 de enero de 2014, se neg\u00f3 el pedido de suspensi\u00f3n y se oficiaron acciones coordinadas con otras Instituciones Estatales inmersas en el procedimiento, entre ellas a la Intendencia\u00a0 General de Polic\u00eda, por ser de su competencia, para que dentro del t\u00e9rmino de siete (7)\u00a0 d\u00edas emita un informe en relaci\u00f3n a la solicitud realizada por el recurrente de remoci\u00f3n de los sellos colocados en las oficinas de la Fundaci\u00f3n Pachamama. De igual manera, se requiri\u00f3 al Ministerio del Interior y a la Defensor\u00eda del Pueblo para que, dentro del \u00e1mbito de sus competencias, presenten las alegaciones que creyeren pertinentes.<\/p>\n","protected":false},"excerpt":{"rendered":"<p class=\"excerpt\">El pasado 4 de diciembre de 2013, el Ministerio del Ambiente del Ecuador (MAE), resolvi\u00f3 disolver de oficio a la Fundaci\u00f3n Pachamama, luego de que un informe del Ministerio de Interior corroborara lo sustanciado en el procedimiento contra la ONG por ejecutar acciones no coordinadas con dicha Cartera de Estado y que no constaban en sus\u00a0fines y objetivos estatutarios. Esta&hellip; <a href=\"https:\/\/www.ambienteyenergia.gob.ec\/ambiente\/recurso-de-apelacion-presentado-por-fundacion-pachamama\/\">Read more &rarr;<\/a><\/p>\n","protected":false},"author":13,"featured_media":17364,"comment_status":"open","ping_status":"open","sticky":false,"template":"","format":"standard","meta":{"footnotes":""},"categories":[16,4],"tags":[],"class_list":["post-17557","post","type-post","status-publish","format-standard","has-post-thumbnail","hentry","category-comunicamos","category-noticias","xfolkentry"],"_links":{"self":[{"href":"https:\/\/www.ambienteyenergia.gob.ec\/ambiente\/wp-json\/wp\/v2\/posts\/17557","targetHints":{"allow":["GET"]}}],"collection":[{"href":"https:\/\/www.ambienteyenergia.gob.ec\/ambiente\/wp-json\/wp\/v2\/posts"}],"about":[{"href":"https:\/\/www.ambienteyenergia.gob.ec\/ambiente\/wp-json\/wp\/v2\/types\/post"}],"author":[{"embeddable":true,"href":"https:\/\/www.ambienteyenergia.gob.ec\/ambiente\/wp-json\/wp\/v2\/users\/13"}],"replies":[{"embeddable":true,"href":"https:\/\/www.ambienteyenergia.gob.ec\/ambiente\/wp-json\/wp\/v2\/comments?post=17557"}],"version-history":[{"count":0,"href":"https:\/\/www.ambienteyenergia.gob.ec\/ambiente\/wp-json\/wp\/v2\/posts\/17557\/revisions"}],"wp:featuredmedia":[{"embeddable":true,"href":"https:\/\/www.ambienteyenergia.gob.ec\/ambiente\/wp-json\/wp\/v2\/media\/17364"}],"wp:attachment":[{"href":"https:\/\/www.ambienteyenergia.gob.ec\/ambiente\/wp-json\/wp\/v2\/media?parent=17557"}],"wp:term":[{"taxonomy":"category","embeddable":true,"href":"https:\/\/www.ambienteyenergia.gob.ec\/ambiente\/wp-json\/wp\/v2\/categories?post=17557"},{"taxonomy":"post_tag","embeddable":true,"href":"https:\/\/www.ambienteyenergia.gob.ec\/ambiente\/wp-json\/wp\/v2\/tags?post=17557"}],"curies":[{"name":"wp","href":"https:\/\/api.w.org\/{rel}","templated":true}]}}