{"id":17541,"date":"2014-01-09T17:52:36","date_gmt":"2014-01-09T22:52:36","guid":{"rendered":"http:\/\/www.ambiente.gob.ec\/?p=17541"},"modified":"2014-01-10T17:27:47","modified_gmt":"2014-01-10T22:27:47","slug":"cierre-de-refugio-jose-ribas-ubicado-en-el-parque-nacional-cotopaxi","status":"publish","type":"post","link":"https:\/\/www.ambienteyenergia.gob.ec\/ambiente\/cierre-de-refugio-jose-ribas-ubicado-en-el-parque-nacional-cotopaxi\/","title":{"rendered":"Cierre de Refugio Jos\u00e9 Ribas, ubicado en el Parque Nacional Cotopaxi"},"content":{"rendered":"<p align=\"center\"><strong>COMUNICADO<\/strong><\/p>\n<p>Se comunica a la ciudadan\u00eda en general que el Refugio Jos\u00e9 Ribas, ubicado en el Parque Nacional Cotopaxi, cerrar\u00e1 la atenci\u00f3n al p\u00fablico a partir del d\u00eda 19 de enero del 2014, debido a los trabajos de remodelaci\u00f3n. Por este motivo, se insta a los visitantes que deseen ascender al Volc\u00e1n Cotopaxi, a utilizar las instalaciones en La Rinconada, la cual cuenta con los servicios b\u00e1sicos para la atenci\u00f3n al p\u00fablico.<\/p>\n<p>Lamentamos las molestias causadas y apelamos a su comprensi\u00f3n en miras de brindar un mejor servicio.<\/p>\n<p>Atentamente,<\/p>\n<p align=\"center\"><strong>Ministerio del Ambiente<\/strong><\/p>\n","protected":false},"excerpt":{"rendered":"<p class=\"excerpt\">COMUNICADO Se comunica a la ciudadan\u00eda en general que el Refugio Jos\u00e9 Ribas, ubicado en el Parque Nacional Cotopaxi, cerrar\u00e1 la atenci\u00f3n al p\u00fablico a partir del d\u00eda 19 de enero del 2014, debido a los trabajos de remodelaci\u00f3n. Por este motivo, se insta a los visitantes que deseen ascender al Volc\u00e1n Cotopaxi, a utilizar las instalaciones en La Rinconada,&hellip; <a href=\"https:\/\/www.ambienteyenergia.gob.ec\/ambiente\/cierre-de-refugio-jose-ribas-ubicado-en-el-parque-nacional-cotopaxi\/\">Read more &rarr;<\/a><\/p>\n","protected":false},"author":13,"featured_media":17543,"comment_status":"open","ping_status":"open","sticky":false,"template":"","format":"standard","meta":{"footnotes":""},"categories":[16,4],"tags":[],"class_list":["post-17541","post","type-post","status-publish","format-standard","has-post-thumbnail","hentry","category-comunicamos","category-noticias","xfolkentry"],"_links":{"self":[{"href":"https:\/\/www.ambienteyenergia.gob.ec\/ambiente\/wp-json\/wp\/v2\/posts\/17541","targetHints":{"allow":["GET"]}}],"collection":[{"href":"https:\/\/www.ambienteyenergia.gob.ec\/ambiente\/wp-json\/wp\/v2\/posts"}],"about":[{"href":"https:\/\/www.ambienteyenergia.gob.ec\/ambiente\/wp-json\/wp\/v2\/types\/post"}],"author":[{"embeddable":true,"href":"https:\/\/www.ambienteyenergia.gob.ec\/ambiente\/wp-json\/wp\/v2\/users\/13"}],"replies":[{"embeddable":true,"href":"https:\/\/www.ambienteyenergia.gob.ec\/ambiente\/wp-json\/wp\/v2\/comments?post=17541"}],"version-history":[{"count":0,"href":"https:\/\/www.ambienteyenergia.gob.ec\/ambiente\/wp-json\/wp\/v2\/posts\/17541\/revisions"}],"wp:featuredmedia":[{"embeddable":true,"href":"https:\/\/www.ambienteyenergia.gob.ec\/ambiente\/wp-json\/wp\/v2\/media\/17543"}],"wp:attachment":[{"href":"https:\/\/www.ambienteyenergia.gob.ec\/ambiente\/wp-json\/wp\/v2\/media?parent=17541"}],"wp:term":[{"taxonomy":"category","embeddable":true,"href":"https:\/\/www.ambienteyenergia.gob.ec\/ambiente\/wp-json\/wp\/v2\/categories?post=17541"},{"taxonomy":"post_tag","embeddable":true,"href":"https:\/\/www.ambienteyenergia.gob.ec\/ambiente\/wp-json\/wp\/v2\/tags?post=17541"}],"curies":[{"name":"wp","href":"https:\/\/api.w.org\/{rel}","templated":true}]}}