{"id":17538,"date":"2014-01-08T18:37:20","date_gmt":"2014-01-08T23:37:20","guid":{"rendered":"http:\/\/www.ambiente.gob.ec\/?p=17538"},"modified":"2014-01-09T08:20:45","modified_gmt":"2014-01-09T13:20:45","slug":"mae-informa-sobre-sus-competencias-en-denuncias-de-fauna-domestica","status":"publish","type":"post","link":"https:\/\/www.ambienteyenergia.gob.ec\/ambiente\/mae-informa-sobre-sus-competencias-en-denuncias-de-fauna-domestica\/","title":{"rendered":"MAE informa sobre sus competencias en denuncias de fauna dom\u00e9stica"},"content":{"rendered":"<p style=\"text-align: justify;\" align=\"center\">El Ministerio del Ambiente del Ecuador (MAE), como autoridad ambiental nacional, en respuesta a las denuncias vertidas principalmente a trav\u00e9s de redes sociales, sobre casos de maltrato de perros, informa a la ciudadan\u00eda que pese a que sus competencias legales se enfocan \u00fanicamente en el cuidado, manejo y conservaci\u00f3n de vida silvestre, ha solicitado a las autoridades pertinentes tomar las debidas acciones para controlar este tipo de abusos contra la vida animal.<\/p>\n<p style=\"text-align: justify;\">Seg\u00fan, el C\u00f3digo Org\u00e1nico de Organizaci\u00f3n Territorial, Autonom\u00edas y Descentralizaci\u00f3n (COOTAD), en el Art\u00edculo 54, en la parte de Funciones describe que \u201cSon funciones del gobierno aut\u00f3nomo descentralizado municipal las siguientes: Literal r) Crear las condiciones materiales para la aplicaci\u00f3n de pol\u00edticas integrales y participativas en torno a la regulaci\u00f3n del manejo responsable de la fauna urbana\u201d.<\/p>\n<p style=\"text-align: justify;\">Asimismo, en el Reglamento de Tenencia y Manejo Responsable de Perros, dado por el Acuerdo Ministerial 116, publicado en registro oficial 532, se explica que es competencia del Ministerio de Salud P\u00fablica (MSP), el Ministerio de Agricultura, Ganader\u00eda y Pesca (MAGAP), de la Polic\u00eda Nacional y de los Gobiernos Municipales, regular la tenencia responsable de perros con el fin de salvaguardar la integridad y salud de la poblaci\u00f3n.<\/p>\n<p style=\"text-align: justify;\">Por su parte, el MAE siempre estar\u00e1 dispuesto a promover y difundir la protecci\u00f3n de la fauna en general, pero de acuerdo a las competencias establecidas en la normativa actual.<\/p>\n<p style=\"text-align: justify;\">Esta Cartera de Estado, seguir\u00e1 investigando este hecho e informar\u00e1 de ello a las instituciones encargadas, velando por el cumplimiento de las leyes vigentes.<\/p>\n","protected":false},"excerpt":{"rendered":"<p class=\"excerpt\">El Ministerio del Ambiente del Ecuador (MAE), como autoridad ambiental nacional, en respuesta a las denuncias vertidas principalmente a trav\u00e9s de redes sociales, sobre casos de maltrato de perros, informa a la ciudadan\u00eda que pese a que sus competencias legales se enfocan \u00fanicamente en el cuidado, manejo y conservaci\u00f3n de vida silvestre, ha solicitado a las autoridades pertinentes tomar las&hellip; <a href=\"https:\/\/www.ambienteyenergia.gob.ec\/ambiente\/mae-informa-sobre-sus-competencias-en-denuncias-de-fauna-domestica\/\">Read more &rarr;<\/a><\/p>\n","protected":false},"author":13,"featured_media":15764,"comment_status":"open","ping_status":"open","sticky":false,"template":"","format":"standard","meta":{"footnotes":""},"categories":[16,4,10],"tags":[51,399,108,53,398],"class_list":["post-17538","post","type-post","status-publish","format-standard","has-post-thumbnail","hentry","category-comunicamos","category-noticias","category-noticias-destacadas","tag-ambiente","tag-animales","tag-lorena-tapia","tag-mae","tag-perros","xfolkentry"],"_links":{"self":[{"href":"https:\/\/www.ambienteyenergia.gob.ec\/ambiente\/wp-json\/wp\/v2\/posts\/17538","targetHints":{"allow":["GET"]}}],"collection":[{"href":"https:\/\/www.ambienteyenergia.gob.ec\/ambiente\/wp-json\/wp\/v2\/posts"}],"about":[{"href":"https:\/\/www.ambienteyenergia.gob.ec\/ambiente\/wp-json\/wp\/v2\/types\/post"}],"author":[{"embeddable":true,"href":"https:\/\/www.ambienteyenergia.gob.ec\/ambiente\/wp-json\/wp\/v2\/users\/13"}],"replies":[{"embeddable":true,"href":"https:\/\/www.ambienteyenergia.gob.ec\/ambiente\/wp-json\/wp\/v2\/comments?post=17538"}],"version-history":[{"count":0,"href":"https:\/\/www.ambienteyenergia.gob.ec\/ambiente\/wp-json\/wp\/v2\/posts\/17538\/revisions"}],"wp:featuredmedia":[{"embeddable":true,"href":"https:\/\/www.ambienteyenergia.gob.ec\/ambiente\/wp-json\/wp\/v2\/media\/15764"}],"wp:attachment":[{"href":"https:\/\/www.ambienteyenergia.gob.ec\/ambiente\/wp-json\/wp\/v2\/media?parent=17538"}],"wp:term":[{"taxonomy":"category","embeddable":true,"href":"https:\/\/www.ambienteyenergia.gob.ec\/ambiente\/wp-json\/wp\/v2\/categories?post=17538"},{"taxonomy":"post_tag","embeddable":true,"href":"https:\/\/www.ambienteyenergia.gob.ec\/ambiente\/wp-json\/wp\/v2\/tags?post=17538"}],"curies":[{"name":"wp","href":"https:\/\/api.w.org\/{rel}","templated":true}]}}