{"id":17523,"date":"2014-01-08T12:16:45","date_gmt":"2014-01-08T17:16:45","guid":{"rendered":"http:\/\/www.ambiente.gob.ec\/?p=17523"},"modified":"2014-01-08T16:01:54","modified_gmt":"2014-01-08T21:01:54","slug":"ministra-lorena-tapia-presento-hitos-de-una-autoridad-ambiental-fortalecida-en-2013-y-planteo-nuevos-retos-para-el-2014","status":"publish","type":"post","link":"https:\/\/www.ambienteyenergia.gob.ec\/ambiente\/ministra-lorena-tapia-presento-hitos-de-una-autoridad-ambiental-fortalecida-en-2013-y-planteo-nuevos-retos-para-el-2014\/","title":{"rendered":"Ministra Lorena Tapia present\u00f3 hitos de  una Autoridad Ambiental fortalecida en 2013 y plante\u00f3 nuevos retos para el 2014"},"content":{"rendered":"<p style=\"text-align: justify;\">Hoy, en rueda de prensa, la Ministra del Ambiente, Lorena Tapia, present\u00f3 un balance de las principales acciones del Ministerio del Ambiente del Ecuador (MAE) durante el a\u00f1o 2013, entre las que destac\u00f3 el Estado de Excepci\u00f3n de Esmeraldas, el fortalecimiento del proyecto Guayaquil Ecol\u00f3gico componente Estero Salado, la gesti\u00f3n, rescate y protecci\u00f3n de vida silvestre, aumento de sanciones por delitos ambientales, reducci\u00f3n de incendios forestales, fortalecimiento de la educaci\u00f3n ambiental y gesti\u00f3n de desechos s\u00f3lidos.<\/p>\n<p style=\"text-align: justify;\">Sin duda alguna, uno de los logros m\u00e1s importantes del 2013 fue el Estado de Excepci\u00f3n declarado en Esmeraldas el pasado 23 de septiembre, con el fin de bajar la alta tasa de deforestaci\u00f3n de la provincia, que era de 12 485 hect\u00e1reas anuales, cifra alarmante, por la que esta Cartera de Estado tom\u00f3 medidas inmediatas.<\/p>\n<p style=\"text-align: justify;\">En ese sentido, la Ministra Tapia afirm\u00f3 que con esta medida \u00abse buscaba no solo \u00a0garantizar el aprovechamiento legal de la madera, sino fomentar el manejo forestal sostenible,\u00a0as\u00ed como beneficiar de manera directa de esta actividad productiva a los propietarios de los\u00a0bosques, estableciendo relaciones equitativas entre ejecutores de programas y los due\u00f1os del\u00a0bosque\u00bb.<\/p>\n<p style=\"text-align: justify;\">Asimismo, sobre este tema la M\u00e1xima Autoridad Ambiental asegur\u00f3 que \u00abdurante los noventa d\u00edas de la aplicaci\u00f3n del Estado de Excepci\u00f3n se\u00a0 decomis\u00f3 2 665<br \/>\nmetros c\u00fabicos de madera.\u00a0 De este total,\u00a0 est\u00e1 en proceso de verificaci\u00f3n la procedencia y legalidad de 1 409,14 m3 de madera\u00bb.<\/p>\n<p style=\"text-align: justify;\"><strong>Estero Salado<\/strong><\/p>\n<p style=\"text-align: justify;\">La Ministra explic\u00f3 que \u00abdurante el a\u00f1o 2013, fueron beneficiadas alrededor de 53 193 personas entre ni\u00f1os, j\u00f3venes y adultos, dentro de las distintas actividades como el Plan Vacacional de Educaci\u00f3n Ambiental \u201cGuardianes del Estero Salado\u201d; Campa\u00f1a de Concientizaci\u00f3n Ambiental Puerta a Puerta a las familias que viven en el \u00e1rea de influencia del Estero Salado; Programa de Capacitaci\u00f3n Ambiental a estudiantes de Centros Educativos Particulares que se encuentran en el \u00e1rea de influencia del Estero Salado; Charlas de Educaci\u00f3n Ambiental en Comunidades aleda\u00f1as al Estero Salado; Brigadas M\u00e9dicas en coordinaci\u00f3n con el MPS; y Jornadas Ecol\u00f3gicas art\u00edsticas culturales.<\/p>\n<p style=\"text-align: justify;\"><strong>Protecci\u00f3n de vida silvestre<\/strong><\/p>\n<p style=\"text-align: justify;\">Otra de las fortalezas de esta Cartera de Estado fue su gesti\u00f3n en el manejo y protecci\u00f3n de flora y fauna silvestre. \u00abEn 2013, 2 327 espec\u00edmenes fueron decomisados entre flora y fauna, 936 elementos constitutivos (pieles, cachos, dientes) y 703,7 libras de carne de monte (carne de animales silvestres provenientes de cacer\u00eda ilegal). La provincia de Pichincha y Orellana es la que presenta el mayor n\u00famero de decomisos\u00bb, reiter\u00f3 Tapia.<\/p>\n<p style=\"text-align: justify;\"><strong>Patrimonio Natural<\/strong><\/p>\n<p style=\"text-align: justify;\">En cuanto a sanciones por delito ambiental, el caso del c\u00f3ndor en Azuay fue uno de los hitos, pues se logr\u00f3 capturar al presunto autor de la muerte de \u00e9sta emblem\u00e1tica ave y con ello, sentar un precedente en cuanto al respeto a los derechos de la naturaleza.<\/p>\n<p style=\"text-align: justify;\">El 2013, tambi\u00e9n fue un a\u00f1o de cambios en cuanto a los incendios forestales. Se logr\u00f3 una reducci\u00f3n del n\u00famero de hect\u00e1reas afectadas gracias al trabajo de\u00a0 sensibilizaci\u00f3n y concientizaci\u00f3n con la ciudadan\u00eda. \u00abHasta la fecha a nivel nacional, se han visto afectadas por incendios forestales 4215.72 has,\u00a0 lo cual representa el 19.81% del total en el 2012 (21.285 has)\u00bb, asegur\u00f3 Tapia.<\/p>\n<p style=\"text-align: justify;\">De igual manera, en el <strong>D\u00eda de Limpieza de Playas 2013<\/strong>, se intervinieron 117 playas, en seis provincias ecuatorianas (Esmeraldas, Manab\u00ed, Guayas, Santa Elena, El Oro y Gal\u00e1pagos). En total, se recorrieron 261,2 Km\u00a0 con el apoyo de 15 189 voluntarios, un 22% m\u00e1s que el 2012.<\/p>\n<p style=\"text-align: justify;\"><strong>METAS 2014<\/strong><\/p>\n<p style=\"text-align: justify;\"><strong>Acciones de control en el Bloque 43<\/strong><\/p>\n<p style=\"text-align: justify;\">Finalmente, en cuanto a las <b>metas<\/b> planteadas para el 2014, Tapia se\u00f1al\u00f3 que el MAE busca mantener los controles m\u00e1s constantes, pues es indispensable erradicar la tala ilegal en el pa\u00eds y para ello se ha implementado el\u00a0 Sistema de monitoreo y control de la deforestaci\u00f3n para \u00e1reas protegidas. En este punto se lanzar\u00e1 el proyecto en el control de la explotaci\u00f3n petrolera en el\u00a0 bloque 43 en el <strong>Parque Nacional Yasun\u00ed. <\/strong><\/p>\n<p style=\"text-align: justify;\">En el marco de las actividades encaminadas al proceso de fortalecimiento se cre\u00f3 el Comit\u00e9 de Gesti\u00f3n MAE-PNY, el mismo que tiene como objetivo principal coordinar acciones consecuentes al plan de fortalecimiento de la gesti\u00f3n del PNY y sus \u00e1reas de influencia.<\/p>\n<p style=\"text-align: justify;\">El Comit\u00e9 de Gesti\u00f3n MAE-PNY est\u00e1 conformado por las Subsecretarias de Patrimonio Natural, Calidad Ambiental, la jefatura del PNY, la Direcci\u00f3n Provincial de Orellana y el equipo t\u00e9cnico Yasun\u00ed del Progama de Reparaci\u00f3n Ambiental y Social, el cual se encarga de la coordinaci\u00f3n intraministerial, planificaci\u00f3n estrat\u00e9gica y ejecuci\u00f3n de las acciones establecidas en el Comit\u00e9.<\/p>\n<p style=\"text-align: justify;\">La actuaci\u00f3n del Comit\u00e9 se basa en el desarrollo de reuniones de trabajo quincenales mientras que el Equipo t\u00e9cnico Yasun\u00ed es una unidad operativa especializada, que trabaja de manera exclusiva y a tiempo completo en el soporte t\u00e9cnico y la ejecuci\u00f3n de las acciones encaminadas al fortalecimiento de la gesti\u00f3n del \u00c1rea Protegida.<\/p>\n<p style=\"text-align: justify;\">\u00a0<strong>Descontaminaci\u00f3n del Estero Salado<\/strong><\/p>\n<p style=\"text-align: justify;\">Adem\u00e1s, la Ministra expres\u00f3 que una de las propuestas m\u00e1s interesantes del MAE es disminuir la contaminaci\u00f3n en el estero Salado, a trav\u00e9s del proyecto Guayaquil Ecol\u00f3gico. Si bien se ha trabajado mucho en remediaci\u00f3n, se implementar\u00e1n nuevas estrategias como bioensayos y aplicaciones piloto para evitar que desechos sean arrojados a este importante brazo de mar. \u00abLa pr\u00f3xima semana nos visitar\u00e1 una delegaci\u00f3n de expertos franceses para determinar si se puede aplicar una tecnolog\u00eda para dragar el Estero Salado o no.<\/p>\n<p style=\"text-align: justify;\">Pero trabajaremos principalmente en la oxigenaci\u00f3n del agua, remediaci\u00f3n de vegetaci\u00f3n, plantaci\u00f3n de mangle y colocaci\u00f3n de nanominerales, para el disfrute de todas y todos los guayaquile\u00f1os\u00bb, mencion\u00f3 Tapia.<\/p>\n<p style=\"text-align: justify;\">La gesti\u00f3n de descargas industriales y dom\u00e9sticas continuar\u00e1. \u00abEl servicio de gesti\u00f3n de desechos s\u00f3lidos del Estero es ineficiente, as\u00ed que como Autoridad Ambiental hemos decidido plantear una alternativa que nos permita intervenir de manera directa\u00bb, ratific\u00f3 la Ministra del Ambiente.<\/p>\n<p style=\"text-align: justify;\"><strong>Instituto de Biodiversidad<\/strong><\/p>\n<p style=\"text-align: justify;\">Este a\u00f1o, entrar\u00e1 en funcionamiento el Instituto Nacional de Biodiversidad, encargada de la planificaci\u00f3n, promoci\u00f3n, coordinaci\u00f3n y ejecuci\u00f3n de procesos de investigaci\u00f3n, ciencia, tecnolog\u00eda e innovaci\u00f3n de la biodiversidad y sus componentes, para lograr el desarrollo del conocimiento y el fortalecimiento de la conservaci\u00f3n, uso y aprovechamiento racional de este recurso estrat\u00e9gico . Ser\u00e1 una entidad adscrita\u00a0 al MAE y con la coordinaci\u00f3n de la Secretar\u00eda Nacional de Ciencia y Tecnolog\u00eda, sostuvo Tapia.<\/p>\n<p style=\"text-align: justify;\">El objetivo de este Instituto es generar el conocimiento y desarrollar ciencia, tecnolog\u00eda e innovaci\u00f3n que requiere el Estado ecuatoriano para garantizar la conservaci\u00f3n de su patrimonio natural mediante el uso soberano, estrat\u00e9gico y sustentable de la biodiversidad y sus componentes para la consolidaci\u00f3n de la sociedad del buen vivir.<strong><\/strong><\/p>\n<p style=\"text-align: justify;\"><strong>Cambio Clim\u00e1tico<\/strong><\/p>\n<p style=\"text-align: justify;\">El cambio clim\u00e1tico ser\u00e1 tambi\u00e9n, una de las fortalezas de esta instituci\u00f3n, que pretende alinearse al cambio de matriz productiva. Para ello, se cre\u00f3 Plan Nacional de Cambio Clim\u00e1tico, que est\u00e1 en construcci\u00f3n. El Plan tiene un alcance nacional y los beneficiarios ser\u00edan actores p\u00fablicos, privados, academia, sociedad en general, enfoc\u00e1ndose en la reducci\u00f3n de la pobreza.<\/p>\n<p style=\"text-align: justify;\">\u00abEl Ecuador siendo un pa\u00eds peque\u00f1o genera propuestas emblem\u00e1ticas en diferentes espacios internacionales, pero nuestro objetivo principal es generar competencias con los GADS\u00bb, asever\u00f3 Tapia.<\/p>\n<p style=\"text-align: justify;\"><strong>Turismo en \u00e1reas protegidas<\/strong><\/p>\n<p style=\"text-align: justify;\">El 2014 ser\u00e1 un a\u00f1o clave para las \u00e1reas protegidas, el MAE aplicar\u00e1 mecanismos que generen rentabilidad y garanticen la sostenibilidad financiera de las mismas. \u00a0En ese aspecto, la Ministra dijo que \u00abel MAE ha invertido desde hace dos a\u00f1os en el cambio de infraestructura y en la gratuidad del ingreso a las \u00e1reas protegidas, lo que ha incrementado el nivel de visitaci\u00f3n. Se trabaja en planes de manejo, enfocados a un turismo de observaci\u00f3n\u00bb.<\/p>\n<p style=\"text-align: justify;\"><strong>Plan Nacional de Desechos S\u00f3lidos<\/strong><\/p>\n<p style=\"text-align: justify;\">Igualmente, se presentar\u00e1 en este a\u00f1o, el Plan Nacional para la Gesti\u00f3n Integral de Residuos S\u00f3lidos, que abarca cuatro etapas: generaci\u00f3n, recolecci\u00f3n, aprovechamiento y disposici\u00f3n final de los residuos, que generan los ecuatorianos. \u00abEl Plan Nacional permitir\u00e1 contar con Modelo estandarizado de Gesti\u00f3n Integral de Residuos S\u00f3lidos en base a par\u00e1metros geogr\u00e1ficos, poblacionales, generaci\u00f3n y caracterizaci\u00f3n de los residuos s\u00f3lidos\u00bb, concluy\u00f3 la M\u00e1xima Autoridad Ambiental.<\/p>\n<p style=\"text-align: justify;\"><strong>Descargar presentaci\u00f3n <a href=\"http:\/\/we.tl\/QAox4RCCE5\">aqu\u00ed<\/a><\/strong><\/p>\n<p style=\"text-align: justify;\"><a href=\"http:\/\/www.ambienteyenergia.gob.ec\/ambiente\/wp-content\/uploads\/2014\/01\/DSC00111.jpg\"><img loading=\"lazy\" decoding=\"async\" class=\"aligncenter size-full wp-image-17525\" alt=\"Ministra Lorena Tapia present\u00f3 hitos de  una Autoridad Ambiental fortalecida en 2013 y plante\u00f3 nuevos retos para el 2014\" src=\"http:\/\/www.ambienteyenergia.gob.ec\/ambiente\/wp-content\/uploads\/2014\/01\/DSC00111.jpg\" width=\"650\" height=\"435\" srcset=\"https:\/\/www.ambienteyenergia.gob.ec\/ambiente\/wp-content\/uploads\/sites\/2\/2014\/01\/DSC00111.jpg 650w, https:\/\/www.ambienteyenergia.gob.ec\/ambiente\/wp-content\/uploads\/sites\/2\/2014\/01\/DSC00111-300x200.jpg 300w, https:\/\/www.ambienteyenergia.gob.ec\/ambiente\/wp-content\/uploads\/sites\/2\/2014\/01\/DSC00111-448x300.jpg 448w\" sizes=\"auto, (max-width: 650px) 100vw, 650px\" \/><\/a><\/p>\n","protected":false},"excerpt":{"rendered":"<p class=\"excerpt\">Hoy, en rueda de prensa, la Ministra del Ambiente, Lorena Tapia, present\u00f3 un balance de las principales acciones del Ministerio del Ambiente del Ecuador (MAE) durante el a\u00f1o 2013, entre las que destac\u00f3 el Estado de Excepci\u00f3n de Esmeraldas, el fortalecimiento del proyecto Guayaquil Ecol\u00f3gico componente Estero Salado, la gesti\u00f3n, rescate y protecci\u00f3n de vida silvestre, aumento de sanciones por&hellip; <a href=\"https:\/\/www.ambienteyenergia.gob.ec\/ambiente\/ministra-lorena-tapia-presento-hitos-de-una-autoridad-ambiental-fortalecida-en-2013-y-planteo-nuevos-retos-para-el-2014\/\">Read more &rarr;<\/a><\/p>\n","protected":false},"author":13,"featured_media":17524,"comment_status":"open","ping_status":"open","sticky":false,"template":"","format":"standard","meta":{"footnotes":""},"categories":[16,4,10],"tags":[],"class_list":["post-17523","post","type-post","status-publish","format-standard","has-post-thumbnail","hentry","category-comunicamos","category-noticias","category-noticias-destacadas","xfolkentry"],"_links":{"self":[{"href":"https:\/\/www.ambienteyenergia.gob.ec\/ambiente\/wp-json\/wp\/v2\/posts\/17523","targetHints":{"allow":["GET"]}}],"collection":[{"href":"https:\/\/www.ambienteyenergia.gob.ec\/ambiente\/wp-json\/wp\/v2\/posts"}],"about":[{"href":"https:\/\/www.ambienteyenergia.gob.ec\/ambiente\/wp-json\/wp\/v2\/types\/post"}],"author":[{"embeddable":true,"href":"https:\/\/www.ambienteyenergia.gob.ec\/ambiente\/wp-json\/wp\/v2\/users\/13"}],"replies":[{"embeddable":true,"href":"https:\/\/www.ambienteyenergia.gob.ec\/ambiente\/wp-json\/wp\/v2\/comments?post=17523"}],"version-history":[{"count":0,"href":"https:\/\/www.ambienteyenergia.gob.ec\/ambiente\/wp-json\/wp\/v2\/posts\/17523\/revisions"}],"wp:featuredmedia":[{"embeddable":true,"href":"https:\/\/www.ambienteyenergia.gob.ec\/ambiente\/wp-json\/wp\/v2\/media\/17524"}],"wp:attachment":[{"href":"https:\/\/www.ambienteyenergia.gob.ec\/ambiente\/wp-json\/wp\/v2\/media?parent=17523"}],"wp:term":[{"taxonomy":"category","embeddable":true,"href":"https:\/\/www.ambienteyenergia.gob.ec\/ambiente\/wp-json\/wp\/v2\/categories?post=17523"},{"taxonomy":"post_tag","embeddable":true,"href":"https:\/\/www.ambienteyenergia.gob.ec\/ambiente\/wp-json\/wp\/v2\/tags?post=17523"}],"curies":[{"name":"wp","href":"https:\/\/api.w.org\/{rel}","templated":true}]}}