{"id":17510,"date":"2014-01-07T16:08:13","date_gmt":"2014-01-07T21:08:13","guid":{"rendered":"http:\/\/www.ambiente.gob.ec\/?p=17510"},"modified":"2014-01-07T17:22:11","modified_gmt":"2014-01-07T22:22:11","slug":"mae-trabaja-en-modelo-de-gestion-para-refugios-de-la-reserva-de-produccion-de-fauna-chimborazo","status":"publish","type":"post","link":"https:\/\/www.ambienteyenergia.gob.ec\/ambiente\/mae-trabaja-en-modelo-de-gestion-para-refugios-de-la-reserva-de-produccion-de-fauna-chimborazo\/","title":{"rendered":"MAE trabaja en modelo de gesti\u00f3n para refugios de la Reserva de Producci\u00f3n de Fauna Chimborazo"},"content":{"rendered":"<p style=\"text-align: justify;\">Una vez que los refugios \u201cHermanos Carrel\u201d y \u201cEdward Whymper\u201d se encuentren totalmente remodelados a mediados de este a\u00f1o, el Ministerio del Ambiente del Ecuador (MAE), a trav\u00e9s del Proyecto de Sostenibilidad Financiera y la Direcci\u00f3n Provincial de Chimborazo, trabajar\u00e1 en un modelo de gesti\u00f3n para la custodia y administraci\u00f3n de los refugios de alta monta\u00f1a de la Reserva de Producci\u00f3n de Fauna de Chimborazo.<\/p>\n<p style=\"text-align: justify;\">Las mejoras se ejecutaron con el objetivo de modernizar las instalaciones para que turistas nacionales y extranjeros disfruten del \u00e1rea protegida. La propuesta de remodelaci\u00f3n y construcci\u00f3n se bas\u00f3 en aspectos de sostenibilidad, tales como aislamiento t\u00e9rmico, uso de maderas provenientes de plantaciones forestales, tratamiento de aguas negras y desechos s\u00f3lidos, uso de energ\u00edas limpias y mitigaci\u00f3n de impactos visuales. De tal manera, que armonice paisaj\u00edsticamente con el entorno y guarde las medidas de seguridad de alta monta\u00f1a.<\/p>\n<p style=\"text-align: justify;\">Estefan\u00eda Arias, responsable de la elaboraci\u00f3n del Modelo de Gesti\u00f3n, socializ\u00f3 a los t\u00e9cnicos de la Direcci\u00f3n Provincial los avances del proyecto. Las obras que iniciaron el pasado 26 de julio, se ejecutaron simult\u00e1neamente con el fin de avanzar lo m\u00e1s pronto posible. Cabe se\u00f1alar, que durante el per\u00edodo de trabajo, no se suspendieron las visitas tur\u00edsticas.<\/p>\n<p style=\"text-align: justify;\">El modelo de gesti\u00f3n a implementarse al interior del \u00e1rea protegida, adem\u00e1s de asegurar su sostenibilidad, aportar\u00e1 a incrementar la accesibilidad a turistas nacionales y extranjeros que la visiten. Adicionalmente, brindar\u00e1 los beneficios de forma segura, amable, equitativa y que disfruten de las actividades tur\u00edsticas al interior del \u00e1rea protegida.<\/p>\n<p>&nbsp;<\/p>\n","protected":false},"excerpt":{"rendered":"<p class=\"excerpt\">Una vez que los refugios \u201cHermanos Carrel\u201d y \u201cEdward Whymper\u201d se encuentren totalmente remodelados a mediados de este a\u00f1o, el Ministerio del Ambiente del Ecuador (MAE), a trav\u00e9s del Proyecto de Sostenibilidad Financiera y la Direcci\u00f3n Provincial de Chimborazo, trabajar\u00e1 en un modelo de gesti\u00f3n para la custodia y administraci\u00f3n de los refugios de alta monta\u00f1a de la Reserva de&hellip; <a href=\"https:\/\/www.ambienteyenergia.gob.ec\/ambiente\/mae-trabaja-en-modelo-de-gestion-para-refugios-de-la-reserva-de-produccion-de-fauna-chimborazo\/\">Read more &rarr;<\/a><\/p>\n","protected":false},"author":13,"featured_media":17511,"comment_status":"open","ping_status":"open","sticky":false,"template":"","format":"standard","meta":{"footnotes":""},"categories":[16,4],"tags":[],"class_list":["post-17510","post","type-post","status-publish","format-standard","has-post-thumbnail","hentry","category-comunicamos","category-noticias","xfolkentry"],"_links":{"self":[{"href":"https:\/\/www.ambienteyenergia.gob.ec\/ambiente\/wp-json\/wp\/v2\/posts\/17510","targetHints":{"allow":["GET"]}}],"collection":[{"href":"https:\/\/www.ambienteyenergia.gob.ec\/ambiente\/wp-json\/wp\/v2\/posts"}],"about":[{"href":"https:\/\/www.ambienteyenergia.gob.ec\/ambiente\/wp-json\/wp\/v2\/types\/post"}],"author":[{"embeddable":true,"href":"https:\/\/www.ambienteyenergia.gob.ec\/ambiente\/wp-json\/wp\/v2\/users\/13"}],"replies":[{"embeddable":true,"href":"https:\/\/www.ambienteyenergia.gob.ec\/ambiente\/wp-json\/wp\/v2\/comments?post=17510"}],"version-history":[{"count":0,"href":"https:\/\/www.ambienteyenergia.gob.ec\/ambiente\/wp-json\/wp\/v2\/posts\/17510\/revisions"}],"wp:featuredmedia":[{"embeddable":true,"href":"https:\/\/www.ambienteyenergia.gob.ec\/ambiente\/wp-json\/wp\/v2\/media\/17511"}],"wp:attachment":[{"href":"https:\/\/www.ambienteyenergia.gob.ec\/ambiente\/wp-json\/wp\/v2\/media?parent=17510"}],"wp:term":[{"taxonomy":"category","embeddable":true,"href":"https:\/\/www.ambienteyenergia.gob.ec\/ambiente\/wp-json\/wp\/v2\/categories?post=17510"},{"taxonomy":"post_tag","embeddable":true,"href":"https:\/\/www.ambienteyenergia.gob.ec\/ambiente\/wp-json\/wp\/v2\/tags?post=17510"}],"curies":[{"name":"wp","href":"https:\/\/api.w.org\/{rel}","templated":true}]}}