{"id":17507,"date":"2014-01-07T15:56:09","date_gmt":"2014-01-07T20:56:09","guid":{"rendered":"http:\/\/www.ambiente.gob.ec\/?p=17507"},"modified":"2014-01-07T17:25:47","modified_gmt":"2014-01-07T22:25:47","slug":"mae-toma-acciones-sobre-el-avistamiento-de-condor-en-carchi","status":"publish","type":"post","link":"https:\/\/www.ambienteyenergia.gob.ec\/ambiente\/mae-toma-acciones-sobre-el-avistamiento-de-condor-en-carchi\/","title":{"rendered":"MAE toma acciones sobre el avistamiento de c\u00f3ndor en Carchi"},"content":{"rendered":"<p style=\"text-align: justify;\">El pasado 4 y 5 de enero, a trav\u00e9s de una denuncia se inform\u00f3 al Ministerio del Ambiente (MAE), sobre la presencia de un c\u00f3ndor en la zona del mirador de la comunidad de Pisquer, en la v\u00eda Mira &#8211; Juan Montalvo, en la provincia del Carchi. El esp\u00e9cimen que sobrevolaba el sector, fue alimentado por personas que transitaban por el sitio.<\/p>\n<p style=\"text-align: justify;\">La preocupaci\u00f3n de la ciudadan\u00eda es que en el lugar se est\u00e1n efectuando trabajos de asfalto, que podr\u00edan afectar el h\u00e1bitat natural del c\u00f3ndor.<\/p>\n<p style=\"text-align: justify;\">Por esta raz\u00f3n, esta Cartera de Estado activ\u00f3 inmediatamente una serie de mecanismos para precautelar y garantizar el bienestar de la especie. Entre ellos, se realiz\u00f3 una jornada de seguimiento y monitoreo en el \u00e1rea de acuerdo a las fotograf\u00edas enviadas por el denunciante; se inform\u00f3 a las autoridades locales y se coordin\u00f3 reuniones de capacitaci\u00f3n y sensibilizaci\u00f3n con las comunidades cercanas sobre la importancia de conservar al c\u00f3ndor.<\/p>\n<p style=\"text-align: justify;\">El MAE, preocupado por la supervivencia de \u00e9sta emblem\u00e1tica, ave cre\u00f3 la Estrategia de Conservaci\u00f3n del C\u00f3ndor Andino, con la finalidad de protegerlo a trav\u00e9s de programas de manejo, investigaci\u00f3n y educaci\u00f3n, informaci\u00f3n, capacitaci\u00f3n y comunicaci\u00f3n.<\/p>\n<p style=\"text-align: justify;\">\n","protected":false},"excerpt":{"rendered":"<p class=\"excerpt\">El pasado 4 y 5 de enero, a trav\u00e9s de una denuncia se inform\u00f3 al Ministerio del Ambiente (MAE), sobre la presencia de un c\u00f3ndor en la zona del mirador de la comunidad de Pisquer, en la v\u00eda Mira &#8211; Juan Montalvo, en la provincia del Carchi. El esp\u00e9cimen que sobrevolaba el sector, fue alimentado por personas que transitaban por&hellip; <a href=\"https:\/\/www.ambienteyenergia.gob.ec\/ambiente\/mae-toma-acciones-sobre-el-avistamiento-de-condor-en-carchi\/\">Read more &rarr;<\/a><\/p>\n","protected":false},"author":13,"featured_media":17508,"comment_status":"open","ping_status":"open","sticky":false,"template":"","format":"standard","meta":{"footnotes":""},"categories":[16,4],"tags":[],"class_list":["post-17507","post","type-post","status-publish","format-standard","has-post-thumbnail","hentry","category-comunicamos","category-noticias","xfolkentry"],"_links":{"self":[{"href":"https:\/\/www.ambienteyenergia.gob.ec\/ambiente\/wp-json\/wp\/v2\/posts\/17507","targetHints":{"allow":["GET"]}}],"collection":[{"href":"https:\/\/www.ambienteyenergia.gob.ec\/ambiente\/wp-json\/wp\/v2\/posts"}],"about":[{"href":"https:\/\/www.ambienteyenergia.gob.ec\/ambiente\/wp-json\/wp\/v2\/types\/post"}],"author":[{"embeddable":true,"href":"https:\/\/www.ambienteyenergia.gob.ec\/ambiente\/wp-json\/wp\/v2\/users\/13"}],"replies":[{"embeddable":true,"href":"https:\/\/www.ambienteyenergia.gob.ec\/ambiente\/wp-json\/wp\/v2\/comments?post=17507"}],"version-history":[{"count":0,"href":"https:\/\/www.ambienteyenergia.gob.ec\/ambiente\/wp-json\/wp\/v2\/posts\/17507\/revisions"}],"wp:featuredmedia":[{"embeddable":true,"href":"https:\/\/www.ambienteyenergia.gob.ec\/ambiente\/wp-json\/wp\/v2\/media\/17508"}],"wp:attachment":[{"href":"https:\/\/www.ambienteyenergia.gob.ec\/ambiente\/wp-json\/wp\/v2\/media?parent=17507"}],"wp:term":[{"taxonomy":"category","embeddable":true,"href":"https:\/\/www.ambienteyenergia.gob.ec\/ambiente\/wp-json\/wp\/v2\/categories?post=17507"},{"taxonomy":"post_tag","embeddable":true,"href":"https:\/\/www.ambienteyenergia.gob.ec\/ambiente\/wp-json\/wp\/v2\/tags?post=17507"}],"curies":[{"name":"wp","href":"https:\/\/api.w.org\/{rel}","templated":true}]}}