{"id":17496,"date":"2014-01-03T16:33:25","date_gmt":"2014-01-03T21:33:25","guid":{"rendered":"http:\/\/www.ambiente.gob.ec\/?p=17496"},"modified":"2014-01-03T16:33:25","modified_gmt":"2014-01-03T21:33:25","slug":"ministra-del-ambiente-lorena-tapia-apoya-iniciativa-para-la-gestion-integral-de-desechos-solidos","status":"publish","type":"post","link":"https:\/\/www.ambienteyenergia.gob.ec\/ambiente\/ministra-del-ambiente-lorena-tapia-apoya-iniciativa-para-la-gestion-integral-de-desechos-solidos\/","title":{"rendered":"Ministra del Ambiente,  Lorena Tapia, apoya iniciativa  para la Gesti\u00f3n Integral de Desechos S\u00f3lidos"},"content":{"rendered":"<p style=\"text-align: justify;\">Con la participaci\u00f3n de la Ministra del Ambiente, Lorena Tapia, el Municipio de Quito\u00a0 realiz\u00f3 la entrega de 400 contenedores de desechos s\u00f3lidos, en el sur de capital (La Magdalena, Michelena, Villa Flora y Uni\u00f3n y Justicia. La Empresa Metropolitana de Aseo (EMASEO) iniciar\u00e1 con una campa\u00f1a de sensibilizaci\u00f3n para explicar a los ciudadanos sobre el moderno servicio de aseo.<\/p>\n<p style=\"text-align: justify;\">Uno de los grandes\u00a0 desaf\u00edos que enfrentan los pa\u00edses y gobiernos locales en todo el mundo es el manejo de los desechos s\u00f3lidos, debido al crecimiento urban\u00edstico el volumen de desperdicios va en aumento. Frente a este panorama, el Ministerio del Ambiente (MAE) ha asumido el reto y compromiso de establecer para los ciudadanos condiciones de vida adecuadas.<\/p>\n<p style=\"text-align: justify;\">La ministra Lorena Tapia manifest\u00f3 que durante este a\u00f1o se har\u00e1 el presentaci\u00f3n del Plan Nacional de Desechos S\u00f3lidos con el trabajo de los gobiernos aut\u00f3nomos descentralizados. \u00abLos municipios grandes y peque\u00f1os tendr\u00e1n un modelo estandarizando, para implementar el proceso de manejo de desperdicios\u00bb, dijo.<\/p>\n<p style=\"text-align: justify;\">El MAE reconoci\u00f3 la voluntad pol\u00edtica demostrada por el Municipio Metropolitano de Quito, el cual ha fortalecido el proceso de recolecci\u00f3n de los residuos de manera tecnificada, promoviendo la reducci\u00f3n\u00a0 y reutilizaci\u00f3n de los mismos.<\/p>\n<p style=\"text-align: justify;\">Esta Cartera de Estado apoya el fortalecimiento del sistema de recolecci\u00f3n de basura en la capital, considera que el manejo integral de desechos s\u00f3lidos es un pilar fundamental para constituirse en un ejemplo de gesti\u00f3n y un testimonio de cooperaci\u00f3n alineado a los objetivos del Plan Nacional del Buen Vivir.<\/p>\n<p style=\"text-align: justify;\">\n","protected":false},"excerpt":{"rendered":"<p class=\"excerpt\">Con la participaci\u00f3n de la Ministra del Ambiente, Lorena Tapia, el Municipio de Quito\u00a0 realiz\u00f3 la entrega de 400 contenedores de desechos s\u00f3lidos, en el sur de capital (La Magdalena, Michelena, Villa Flora y Uni\u00f3n y Justicia. La Empresa Metropolitana de Aseo (EMASEO) iniciar\u00e1 con una campa\u00f1a de sensibilizaci\u00f3n para explicar a los ciudadanos sobre el moderno servicio de aseo.&hellip; <a href=\"https:\/\/www.ambienteyenergia.gob.ec\/ambiente\/ministra-del-ambiente-lorena-tapia-apoya-iniciativa-para-la-gestion-integral-de-desechos-solidos\/\">Read more &rarr;<\/a><\/p>\n","protected":false},"author":13,"featured_media":17497,"comment_status":"open","ping_status":"open","sticky":false,"template":"","format":"standard","meta":{"footnotes":""},"categories":[16,4,10],"tags":[],"class_list":["post-17496","post","type-post","status-publish","format-standard","has-post-thumbnail","hentry","category-comunicamos","category-noticias","category-noticias-destacadas","xfolkentry"],"_links":{"self":[{"href":"https:\/\/www.ambienteyenergia.gob.ec\/ambiente\/wp-json\/wp\/v2\/posts\/17496","targetHints":{"allow":["GET"]}}],"collection":[{"href":"https:\/\/www.ambienteyenergia.gob.ec\/ambiente\/wp-json\/wp\/v2\/posts"}],"about":[{"href":"https:\/\/www.ambienteyenergia.gob.ec\/ambiente\/wp-json\/wp\/v2\/types\/post"}],"author":[{"embeddable":true,"href":"https:\/\/www.ambienteyenergia.gob.ec\/ambiente\/wp-json\/wp\/v2\/users\/13"}],"replies":[{"embeddable":true,"href":"https:\/\/www.ambienteyenergia.gob.ec\/ambiente\/wp-json\/wp\/v2\/comments?post=17496"}],"version-history":[{"count":0,"href":"https:\/\/www.ambienteyenergia.gob.ec\/ambiente\/wp-json\/wp\/v2\/posts\/17496\/revisions"}],"wp:featuredmedia":[{"embeddable":true,"href":"https:\/\/www.ambienteyenergia.gob.ec\/ambiente\/wp-json\/wp\/v2\/media\/17497"}],"wp:attachment":[{"href":"https:\/\/www.ambienteyenergia.gob.ec\/ambiente\/wp-json\/wp\/v2\/media?parent=17496"}],"wp:term":[{"taxonomy":"category","embeddable":true,"href":"https:\/\/www.ambienteyenergia.gob.ec\/ambiente\/wp-json\/wp\/v2\/categories?post=17496"},{"taxonomy":"post_tag","embeddable":true,"href":"https:\/\/www.ambienteyenergia.gob.ec\/ambiente\/wp-json\/wp\/v2\/tags?post=17496"}],"curies":[{"name":"wp","href":"https:\/\/api.w.org\/{rel}","templated":true}]}}