{"id":17493,"date":"2014-01-02T18:02:20","date_gmt":"2014-01-02T23:02:20","guid":{"rendered":"http:\/\/www.ambiente.gob.ec\/?p=17493"},"modified":"2014-01-02T18:02:20","modified_gmt":"2014-01-02T23:02:20","slug":"mae-alcanzo-varios-hitos-emblematicos-el-2013","status":"publish","type":"post","link":"https:\/\/www.ambienteyenergia.gob.ec\/ambiente\/mae-alcanzo-varios-hitos-emblematicos-el-2013\/","title":{"rendered":"MAE alcanz\u00f3 varios hitos emblem\u00e1ticos el 2013"},"content":{"rendered":"<p style=\"text-align: justify;\">Durante el 2013, se puede destacar un cambio profundo en materia ambiental. Ello, se evidencia en el control forestal, el fortalecimiento de la normativa, sostenibilidad de recursos naturales, fortalecimiento de acciones concretas en materia de desechos s\u00f3lidos y del control ambiental.<\/p>\n<p style=\"text-align: justify;\">El Ministerio del Ambiente (MAE), en un a\u00f1o de gesti\u00f3n, ha trabajado en la normativa de control forestal, por ejemplo, la declaratoria de moratoria de estado de excepci\u00f3n que acaba de vencer, con el que se encontraron aspectos de tala ilegal en Esmeraldas, una de las provincias m\u00e1s deforestadas en el pa\u00eds, por encima de 11.000 hect\u00e1reas frente al resto del pa\u00eds, alrededor de 3.000 ha, lo cual constituye un hito hist\u00f3rico y marca una responsabilidad del Estado frente a la sustentabilidad de los recursos naturales, puntualmente con el recurso forestal de Esmeraldas.<\/p>\n<p style=\"text-align: justify;\">Adem\u00e1s, se avanz\u00f3 sin duda de manera importante, en la generaci\u00f3n de una normativa que va de la mano de un desarrollo sostenible en cuanto a recursos naturales de todos los ecuatorianos.<\/p>\n<p style=\"text-align: justify;\">Tambi\u00e9n, el MAE ha avanzado fortaleci\u00e9ndose en el Programa Nacional de Desechos S\u00f3lidos, una de las obras m\u00e1s emblem\u00e1tica del Ministerio del Ambiente. Ya est\u00e1 la contrataci\u00f3n de lo que va a constituir el Plan Nacional de Desechos S\u00f3lidos en el pa\u00eds, de esta manera se va a tener una estandarizaci\u00f3n de procesos de l\u00edneas claras de normativas a nivel nacional, esto marcar\u00e1 un hito hist\u00f3rico que empez\u00f3 en el 2013 y en el 2014 ser\u00e1 el lanzamiento.<\/p>\n<p style=\"text-align: justify;\">En materia de control, se han fortalecido algunas l\u00edneas de acci\u00f3n que van de la mano de la reparaci\u00f3n ambiental y social.<\/p>\n<p style=\"text-align: justify;\">En el a\u00f1o que empieza, se espera ser parte del cambio de esta matriz productiva de los recursos naturales que tiene que significar el bienestar para los ecuatorianos en lo ambiental, en lo social y en lo econ\u00f3mico.<\/p>\n<p style=\"text-align: justify;\">Guayaquil Ecol\u00f3gico, continuar\u00e1 siendo una obra emblem\u00e1tica para el Ministerio del Ambiente, en Santay por ejemplo, se mejorar\u00e1 la calidad de vida pero tambi\u00e9n la generaci\u00f3n de un polo de turismo sostenible, donde habr\u00e1 ciclov\u00edas, visitas con gu\u00edas, turismo especializado, pero sobre todo los guayaquile\u00f1os podr\u00e1n empoderarse de sitios verdes, encontrar\u00e1n otra manera de distracci\u00f3n, as\u00ed que Santay ser\u00e1 tambi\u00e9n un polo de desarrollo de ecoturismo.<\/p>\n<p style=\"text-align: justify;\">El Estero Salado marcar\u00e1 la historia de Guayaquil, el MAE est\u00e1 absolutamente comprometido con cambios importantes en sanciones a empresas que jam\u00e1s se hab\u00edan visto en Guayaquil que han venido contaminando, el MAE va decididamente a eliminar los cauces de contaminaci\u00f3n tanto en el aspecto domiciliario como en el sector industrial, as\u00ed que el Estero Salado como lo mencion\u00f3 el Presidente Correa, para finales del 2016 ser\u00e1 un espacio de recreaci\u00f3n para los guayaquile\u00f1os, un sitio que lleva 40 a\u00f1os contaminado por la falta de voluntad pol\u00edtica de sus autoridades locales, que nunca tomaron acciones de ruptura para lograr lo que el Gobierno de la Revoluci\u00f3n Ciudadana lograr\u00e1 para el 2016.<\/p>\n<p style=\"text-align: justify;\">Guayaquil es una de las ciudades con mayor d\u00e9ficit de espacios verdes, la OMS habla de 9m2 por habitante y Guayaquil tiene 2m2 por habitante, cuando se logre terminar de construir Samanes, Santay y las \u00e1reas marginales del Estero Salado, se lograr\u00e1 llegar apenas a 6 metros aproximadamente, es decir que seguimos en desfase.<\/p>\n<p style=\"text-align: justify;\">Este Gobierno es el que le est\u00e1 dando a los guayaquile\u00f1os un real concepto de espacios verdes y el Ministerio del Ambiente trabajar\u00e1 siempre en el desarrollo sustentable y sostenible de los recursos naturales de todos los ecuatorianos.<\/p>\n","protected":false},"excerpt":{"rendered":"<p class=\"excerpt\">Durante el 2013, se puede destacar un cambio profundo en materia ambiental. Ello, se evidencia en el control forestal, el fortalecimiento de la normativa, sostenibilidad de recursos naturales, fortalecimiento de acciones concretas en materia de desechos s\u00f3lidos y del control ambiental. El Ministerio del Ambiente (MAE), en un a\u00f1o de gesti\u00f3n, ha trabajado en la normativa de control forestal, por&hellip; <a href=\"https:\/\/www.ambienteyenergia.gob.ec\/ambiente\/mae-alcanzo-varios-hitos-emblematicos-el-2013\/\">Read more &rarr;<\/a><\/p>\n","protected":false},"author":13,"featured_media":17364,"comment_status":"open","ping_status":"open","sticky":false,"template":"","format":"standard","meta":{"footnotes":""},"categories":[16,4],"tags":[396,108,53,397],"class_list":["post-17493","post","type-post","status-publish","format-standard","has-post-thumbnail","hentry","category-comunicamos","category-noticias","tag-396","tag-lorena-tapia","tag-mae","tag-recursos-naturales","xfolkentry"],"_links":{"self":[{"href":"https:\/\/www.ambienteyenergia.gob.ec\/ambiente\/wp-json\/wp\/v2\/posts\/17493","targetHints":{"allow":["GET"]}}],"collection":[{"href":"https:\/\/www.ambienteyenergia.gob.ec\/ambiente\/wp-json\/wp\/v2\/posts"}],"about":[{"href":"https:\/\/www.ambienteyenergia.gob.ec\/ambiente\/wp-json\/wp\/v2\/types\/post"}],"author":[{"embeddable":true,"href":"https:\/\/www.ambienteyenergia.gob.ec\/ambiente\/wp-json\/wp\/v2\/users\/13"}],"replies":[{"embeddable":true,"href":"https:\/\/www.ambienteyenergia.gob.ec\/ambiente\/wp-json\/wp\/v2\/comments?post=17493"}],"version-history":[{"count":0,"href":"https:\/\/www.ambienteyenergia.gob.ec\/ambiente\/wp-json\/wp\/v2\/posts\/17493\/revisions"}],"wp:featuredmedia":[{"embeddable":true,"href":"https:\/\/www.ambienteyenergia.gob.ec\/ambiente\/wp-json\/wp\/v2\/media\/17364"}],"wp:attachment":[{"href":"https:\/\/www.ambienteyenergia.gob.ec\/ambiente\/wp-json\/wp\/v2\/media?parent=17493"}],"wp:term":[{"taxonomy":"category","embeddable":true,"href":"https:\/\/www.ambienteyenergia.gob.ec\/ambiente\/wp-json\/wp\/v2\/categories?post=17493"},{"taxonomy":"post_tag","embeddable":true,"href":"https:\/\/www.ambienteyenergia.gob.ec\/ambiente\/wp-json\/wp\/v2\/tags?post=17493"}],"curies":[{"name":"wp","href":"https:\/\/api.w.org\/{rel}","templated":true}]}}