{"id":17483,"date":"2013-12-28T09:48:13","date_gmt":"2013-12-28T14:48:13","guid":{"rendered":"http:\/\/www.ambiente.gob.ec\/?p=17483"},"modified":"2013-12-28T09:48:13","modified_gmt":"2013-12-28T14:48:13","slug":"cosanga-la-osezna-de-anteojos-que-vivia-como-mascota-fue-trasladada-al-zoologico-de-banos-para-su-rehabilitacion-y-posible-reinsercion-en-el-bosque","status":"publish","type":"post","link":"https:\/\/www.ambienteyenergia.gob.ec\/ambiente\/cosanga-la-osezna-de-anteojos-que-vivia-como-mascota-fue-trasladada-al-zoologico-de-banos-para-su-rehabilitacion-y-posible-reinsercion-en-el-bosque\/","title":{"rendered":"\u201cCosanga\u201d, la osezna de anteojos que viv\u00eda como mascota fue trasladada al Zool\u00f3gico de Ba\u00f1os para su rehabilitaci\u00f3n y posible reinserci\u00f3n en el bosque"},"content":{"rendered":"<p style=\"text-align: justify;\">\u201cCosanga\u201d, la osezna de anteojos que estaba en posesi\u00f3n de una familia en una localidad de la provincia de Napo y estaba siendo criada como una mascota, fue trasladada al Zool\u00f3gico de Ba\u00f1os, donde permanecer\u00e1 en un sitio adecuado, con caracter\u00edsticas similares a su h\u00e1bitat natural, aislada de la presencia de los humanos para evitar la p\u00e9rdida de su estado salvaje y posibilitar su reinserci\u00f3n en el bosque.<\/p>\n<p style=\"text-align: justify;\">Esta decisi\u00f3n fue tomada por la Direcci\u00f3n Nacional de Biodiversidad del Ministerio del Ambiente (MAE) luego de constatar que la osita era alimentada y cuidada como mascota. Esta situaci\u00f3n no es adecuada para su desarrollo porque estas condiciones afectan en el proceso de reinserci\u00f3n de la especie a su h\u00e1bitat natural.<\/p>\n<p style=\"text-align: justify;\">Por ello, el traslado a un centro de manejo adecuado para su cuidado era de vital importancia. As\u00ed, el pasado 26 de diciembre, esta Cartera de Estado realiz\u00f3 el operativo para que \u201cCosanga\u201d llegue a su nuevo hogar temporal, cuyas instalaciones est\u00e1n equipadas con agua, ventilaci\u00f3n, luminosidad, sombra, una casa hecha de madera y espacio suficiente para que simule un ambiente natural.<\/p>\n<p style=\"text-align: justify;\">Se espera que la osezna de esta especie registrada en Libro Rojo de Mam\u00edferos del Ecuador se fortalezca d\u00eda a d\u00eda, despierte su curiosidad, explore su alrededor y, con el tiempo, pueda desarrollar su destreza y memoria gen\u00e9tica, lo que le permita en un futuro regresar al bosque.<\/p>\n<p style=\"text-align: justify;\">La familia responsable de \u201cConsaga\u201d ten\u00eda la gu\u00eda de Armando Castellanos, presidente de la Fundaci\u00f3n Oso Andino. Por esa raz\u00f3n, el Ministerio del Ambiente se comunic\u00f3 con el se\u00f1or Castellanos coordinando las acciones para la movilizaci\u00f3n de la osezna, as\u00ed mismo se dar\u00e1 seguimiento continuo en todas las etapas de su rehabilitaci\u00f3n. En esta reuni\u00f3n, el se\u00f1or Castellanos claramente explic\u00f3 que su centro ubicado en Las Palmas (provincia de Napo), hasta la fecha no logra obtener su patente de manejo por las diferentes observaciones que el MAE ha se\u00f1alado respecto a su Plan de Manejo.<\/p>\n<p style=\"text-align: justify;\">El Ministerio del Ambiente, como m\u00e1xima Autoridad en Patrimonio Natural del pa\u00eds, velar\u00e1 por el cumplimiento de la Normativa Ambiental vigente y apoyar\u00e1 iniciativas para evitar la extinci\u00f3n del Oso de Anteojos u Oso Andino, y fomentar\u00e1 programas que contribuyan con este objetivo.<\/p>\n<p style=\"text-align: justify;\"><a href=\"http:\/\/www.ambienteyenergia.gob.ec\/ambiente\/wp-content\/uploads\/2013\/12\/COSANGA3.jpg\"><img loading=\"lazy\" decoding=\"async\" class=\"aligncenter size-full wp-image-17486\" alt=\"COSANGA3\" src=\"http:\/\/www.ambienteyenergia.gob.ec\/ambiente\/wp-content\/uploads\/2013\/12\/COSANGA3.jpg\" width=\"300\" height=\"211\" \/><a href=\"http:\/\/www.ambienteyenergia.gob.ec\/ambiente\/wp-content\/uploads\/2013\/12\/COSANGA2.jpg\"><img loading=\"lazy\" decoding=\"async\" class=\"aligncenter size-full wp-image-17485\" alt=\"COSANGA2\" src=\"http:\/\/www.ambienteyenergia.gob.ec\/ambiente\/wp-content\/uploads\/2013\/12\/COSANGA2.jpg\" width=\"300\" height=\"211\" \/><\/a><a href=\"http:\/\/www.ambienteyenergia.gob.ec\/ambiente\/wp-content\/uploads\/2013\/12\/COSANGA4.jpg\"><img loading=\"lazy\" decoding=\"async\" class=\"aligncenter size-full wp-image-17487\" alt=\"COSANGA4\" src=\"http:\/\/www.ambienteyenergia.gob.ec\/ambiente\/wp-content\/uploads\/2013\/12\/COSANGA4.jpg\" width=\"300\" height=\"211\" \/><\/a><\/a><\/p>\n","protected":false},"excerpt":{"rendered":"<p class=\"excerpt\">\u201cCosanga\u201d, la osezna de anteojos que estaba en posesi\u00f3n de una familia en una localidad de la provincia de Napo y estaba siendo criada como una mascota, fue trasladada al Zool\u00f3gico de Ba\u00f1os, donde permanecer\u00e1 en un sitio adecuado, con caracter\u00edsticas similares a su h\u00e1bitat natural, aislada de la presencia de los humanos para evitar la p\u00e9rdida de su estado&hellip; <a href=\"https:\/\/www.ambienteyenergia.gob.ec\/ambiente\/cosanga-la-osezna-de-anteojos-que-vivia-como-mascota-fue-trasladada-al-zoologico-de-banos-para-su-rehabilitacion-y-posible-reinsercion-en-el-bosque\/\">Read more &rarr;<\/a><\/p>\n","protected":false},"author":13,"featured_media":17484,"comment_status":"open","ping_status":"open","sticky":false,"template":"","format":"standard","meta":{"footnotes":""},"categories":[16,4],"tags":[395,108,53,223],"class_list":["post-17483","post","type-post","status-publish","format-standard","has-post-thumbnail","hentry","category-comunicamos","category-noticias","tag-cosanga","tag-lorena-tapia","tag-mae","tag-oso-de-anteojos","xfolkentry"],"_links":{"self":[{"href":"https:\/\/www.ambienteyenergia.gob.ec\/ambiente\/wp-json\/wp\/v2\/posts\/17483","targetHints":{"allow":["GET"]}}],"collection":[{"href":"https:\/\/www.ambienteyenergia.gob.ec\/ambiente\/wp-json\/wp\/v2\/posts"}],"about":[{"href":"https:\/\/www.ambienteyenergia.gob.ec\/ambiente\/wp-json\/wp\/v2\/types\/post"}],"author":[{"embeddable":true,"href":"https:\/\/www.ambienteyenergia.gob.ec\/ambiente\/wp-json\/wp\/v2\/users\/13"}],"replies":[{"embeddable":true,"href":"https:\/\/www.ambienteyenergia.gob.ec\/ambiente\/wp-json\/wp\/v2\/comments?post=17483"}],"version-history":[{"count":0,"href":"https:\/\/www.ambienteyenergia.gob.ec\/ambiente\/wp-json\/wp\/v2\/posts\/17483\/revisions"}],"wp:featuredmedia":[{"embeddable":true,"href":"https:\/\/www.ambienteyenergia.gob.ec\/ambiente\/wp-json\/wp\/v2\/media\/17484"}],"wp:attachment":[{"href":"https:\/\/www.ambienteyenergia.gob.ec\/ambiente\/wp-json\/wp\/v2\/media?parent=17483"}],"wp:term":[{"taxonomy":"category","embeddable":true,"href":"https:\/\/www.ambienteyenergia.gob.ec\/ambiente\/wp-json\/wp\/v2\/categories?post=17483"},{"taxonomy":"post_tag","embeddable":true,"href":"https:\/\/www.ambienteyenergia.gob.ec\/ambiente\/wp-json\/wp\/v2\/tags?post=17483"}],"curies":[{"name":"wp","href":"https:\/\/api.w.org\/{rel}","templated":true}]}}