{"id":17477,"date":"2013-12-27T16:54:26","date_gmt":"2013-12-27T21:54:26","guid":{"rendered":"http:\/\/www.ambiente.gob.ec\/?p=17477"},"modified":"2013-12-27T16:54:26","modified_gmt":"2013-12-27T21:54:26","slug":"mae-reiserto-60-sacos-de-musgo-y-bromelias-en-el-pasochoa-y-tababela","status":"publish","type":"post","link":"https:\/\/www.ambienteyenergia.gob.ec\/ambiente\/mae-reiserto-60-sacos-de-musgo-y-bromelias-en-el-pasochoa-y-tababela\/","title":{"rendered":"MAE reisert\u00f3 60 sacos de musgo  y bromelias en el Pasochoa y Tababela"},"content":{"rendered":"<p style=\"text-align: justify;\">El Ministerio de Ambiente del Ecuador (MAE) a trav\u00e9s de la Direcci\u00f3n Provincial de Pichincha y la Unidad de Polic\u00eda de Medio Ambiente (UPMA) realizaron decomiso de musgo natural hace dos semanas, en diferentes ferias de la ciudad de Quito. Tras estos operativos, \u00a060 sacos de musgos y 10 cubetas de bromelias se reinsertaron en el bosque h\u00famedo del Pasochoa y en el bosque seco de Tababela lo inform\u00f3 Santiago Tapia, Director Provincial de Pichincha.<\/p>\n<p style=\"text-align: justify;\">El objetivo principal es garantizar que el musgo decomisado sea reinsertado y vuelva a sus condiciones naturales para que pueda reproducirse y mantenga las condiciones de los ecosistemas. Para esto, el personal del MAE y de la UPMA se dedicaron a colocar el musgos sobre troncos y ramas las cuales se han identificado como adecuadas para la reinserci\u00f3n.<\/p>\n<p style=\"text-align: justify;\">Santiago Tapia, hace un llamado a la ciudadan\u00eda para que busquen alternativas con la cuales pueden adornar los pesebres \u00a0cada a\u00f1o utilizando otras especies como c\u00e9sped, cascajo o aserr\u00edn y as\u00ed evitar arrancar la piel de los \u00e1rboles y poder conservar nuestros bosques intactos.<\/p>\n<p style=\"text-align: justify;\">El MAE durante la temporada navide\u00f1a lider\u00f3 la campa\u00f1a \u2018No arranques la piel a los bosques\u2019\u00a0 a trav\u00e9s de la cual se realizaron decomisos de musgos y bromelias en la ciudad de Quito y algunos sitios de la Provincia de Pichincha y en todo el pa\u00ecs, las cuales han sido producto de un trafico ilegal de los bosques de nuestro pa\u00eds.<\/p>\n<p style=\"text-align: justify;\">La importancia de \u00a0estas especies es guardar la humedad de los ecosistemas y son fuente de alimento para insectos, anfibios y aves.<\/p>\n<p style=\"text-align: justify;\">\u00a0<a href=\"http:\/\/www.ambienteyenergia.gob.ec\/ambiente\/wp-content\/uploads\/2013\/12\/IMG_0015.jpg\"><img loading=\"lazy\" decoding=\"async\" class=\"aligncenter size-full wp-image-17479\" alt=\"MAE reisert\u00f3 60 sacos de musgo  y bromelias en el Pasochoa y Tababela\" src=\"http:\/\/www.ambienteyenergia.gob.ec\/ambiente\/wp-content\/uploads\/2013\/12\/IMG_0015.jpg\" width=\"650\" height=\"433\" srcset=\"https:\/\/www.ambienteyenergia.gob.ec\/ambiente\/wp-content\/uploads\/sites\/2\/2013\/12\/IMG_0015.jpg 650w, https:\/\/www.ambienteyenergia.gob.ec\/ambiente\/wp-content\/uploads\/sites\/2\/2013\/12\/IMG_0015-300x199.jpg 300w, https:\/\/www.ambienteyenergia.gob.ec\/ambiente\/wp-content\/uploads\/sites\/2\/2013\/12\/IMG_0015-450x300.jpg 450w\" sizes=\"auto, (max-width: 650px) 100vw, 650px\" \/><\/a><\/p>\n<p style=\"text-align: justify;\">\n<p style=\"text-align: justify;\">\n","protected":false},"excerpt":{"rendered":"<p class=\"excerpt\">El Ministerio de Ambiente del Ecuador (MAE) a trav\u00e9s de la Direcci\u00f3n Provincial de Pichincha y la Unidad de Polic\u00eda de Medio Ambiente (UPMA) realizaron decomiso de musgo natural hace dos semanas, en diferentes ferias de la ciudad de Quito. Tras estos operativos, \u00a060 sacos de musgos y 10 cubetas de bromelias se reinsertaron en el bosque h\u00famedo del Pasochoa&hellip; <a href=\"https:\/\/www.ambienteyenergia.gob.ec\/ambiente\/mae-reiserto-60-sacos-de-musgo-y-bromelias-en-el-pasochoa-y-tababela\/\">Read more &rarr;<\/a><\/p>\n","protected":false},"author":13,"featured_media":17478,"comment_status":"open","ping_status":"open","sticky":false,"template":"","format":"standard","meta":{"footnotes":""},"categories":[16,4],"tags":[],"class_list":["post-17477","post","type-post","status-publish","format-standard","has-post-thumbnail","hentry","category-comunicamos","category-noticias","xfolkentry"],"_links":{"self":[{"href":"https:\/\/www.ambienteyenergia.gob.ec\/ambiente\/wp-json\/wp\/v2\/posts\/17477","targetHints":{"allow":["GET"]}}],"collection":[{"href":"https:\/\/www.ambienteyenergia.gob.ec\/ambiente\/wp-json\/wp\/v2\/posts"}],"about":[{"href":"https:\/\/www.ambienteyenergia.gob.ec\/ambiente\/wp-json\/wp\/v2\/types\/post"}],"author":[{"embeddable":true,"href":"https:\/\/www.ambienteyenergia.gob.ec\/ambiente\/wp-json\/wp\/v2\/users\/13"}],"replies":[{"embeddable":true,"href":"https:\/\/www.ambienteyenergia.gob.ec\/ambiente\/wp-json\/wp\/v2\/comments?post=17477"}],"version-history":[{"count":0,"href":"https:\/\/www.ambienteyenergia.gob.ec\/ambiente\/wp-json\/wp\/v2\/posts\/17477\/revisions"}],"wp:featuredmedia":[{"embeddable":true,"href":"https:\/\/www.ambienteyenergia.gob.ec\/ambiente\/wp-json\/wp\/v2\/media\/17478"}],"wp:attachment":[{"href":"https:\/\/www.ambienteyenergia.gob.ec\/ambiente\/wp-json\/wp\/v2\/media?parent=17477"}],"wp:term":[{"taxonomy":"category","embeddable":true,"href":"https:\/\/www.ambienteyenergia.gob.ec\/ambiente\/wp-json\/wp\/v2\/categories?post=17477"},{"taxonomy":"post_tag","embeddable":true,"href":"https:\/\/www.ambienteyenergia.gob.ec\/ambiente\/wp-json\/wp\/v2\/tags?post=17477"}],"curies":[{"name":"wp","href":"https:\/\/api.w.org\/{rel}","templated":true}]}}