{"id":17469,"date":"2013-12-27T15:18:31","date_gmt":"2013-12-27T20:18:31","guid":{"rendered":"http:\/\/www.ambiente.gob.ec\/?p=17469"},"modified":"2013-12-27T17:35:42","modified_gmt":"2013-12-27T22:35:42","slug":"estado-de-excepcion-en-esmeraldas-deja-importantes-resultados","status":"publish","type":"post","link":"https:\/\/www.ambienteyenergia.gob.ec\/ambiente\/estado-de-excepcion-en-esmeraldas-deja-importantes-resultados\/","title":{"rendered":"Estado de Excepci\u00f3n en Esmeraldas deja importantes resultados"},"content":{"rendered":"<p style=\"text-align: justify;\">El d\u00eda de hoy en una rueda de prensa \u00a0la Ministra de Ambiente, Lorena Tapia acompa\u00f1ada de la Ministra de Defensa Mar\u00eda Fernanda Espinosa y Javier Cordova Viceministro del Interior, informaron sobre los resultados de los noventa d\u00edas de la aplicaci\u00f3n del Estado de Excepci\u00f3n en Esmeraldas que tuvo como objetivo detener el aprovechamiento no sostenible de los bosques y la movilizaci\u00f3n ilegal de los productos forestales en la provincia.<\/p>\n<p style=\"text-align: justify;\">Lorena Tapia ratific\u00f3 que se decomisaron 2 665 metros c\u00fabicos de madera.\u00a0 De este total, est\u00e1 en proceso de verificaci\u00f3n la procedencia y legalidad de 1 409,14 m3 de madera. <b><\/b><\/p>\n<p style=\"text-align: justify;\">Adem\u00e1s, se iniciaron 430 procesos administrativos y se detuvieron 51 veh\u00edculos que transportaban madera sin la gu\u00eda de circulaci\u00f3n y permisos correspondientes. \u00a0\u00a0El objetivo del Estado de Excepci\u00f3n \u00a0fue \u00a0cesar las actividades de aprovechamiento forestal en bosque nativo y de regeneraci\u00f3n natural que se desarrollaban de manera irregular, de esta forma se garantiza la permanencia en el tiempo de los servicios ecosist\u00e9micos que brindan los bosques.<\/p>\n<p style=\"text-align: justify;\">Este Decreto firmado por el Presidente Rafael Correa por pedido de la M\u00e1xima Autoridad Ambiental fue aplicado con el apoyo de las Fuerzas Armadas y la Polic\u00eda sin quienes no hubiera sido posible tener los resultados obtenidos. \u00a0Esmeraldas registra el nivel m\u00e1s alto de deforestaci\u00f3n a escala nacional. Con ese objetivo, 37 verificadores (cinco en oficina, 32 en campo), de la Direcci\u00f3n Nacional Forestal del MAE, realizaron Auditor\u00edas en 631 programas de aprovechamiento forestal y programas de corta para constatar su correcta ejecuci\u00f3n, en un total de 27.077,61 hect\u00e1reas.<\/p>\n<p style=\"text-align: justify;\"><b>Controles permanentes<\/b><\/p>\n<p style=\"text-align: justify;\">Para controlar la movilizaci\u00f3n de productos forestales en carretera, siete unidades m\u00f3viles trabajaron de forma permanente en las rutas establecidas, y seis puestos fijos de Control Forestal fueron ubicados en sectores estrat\u00e9gicos como San Mateo, La Marujita, Alto Tambo, El Mango en Muisne, Las Golondrinas y Camarones. Estas actividades fueron efectuadas las 24 horas del d\u00eda por 35 t\u00e9cnicos de esta Cartera de Estado.<\/p>\n<p style=\"text-align: justify;\">Adem\u00e1s, en los sectores de Borb\u00f3n, Punta Piedra, San Lorenzo, Ricaurte, Calder\u00f3n, Las Golondrinas, Zapallo, Punta Piedra , Palma Real, Tres V\u00edas Gualpi \u2013 Chachi, Puerto Carmen, La Platanera; se realizaron 13 operativos especiales en centros de acopio de madera. Como parte de otra estrategia de control, se efectuaron tambi\u00e9n operativos de reconocimiento en campo, en algunos sitos de los cantones Muisne, Eloy Alfaro, San Lorenzo y Quininde. Adem\u00e1s, se ha iniciado la auditor\u00eda externa dispuesta por el Presidente Rafael Correa, por parte de la Empresa SGS, misma que inici\u00f3 sus labores en Oficina T\u00e9cnica de San Lorenzo.<\/p>\n<p style=\"text-align: justify;\"><strong>Sistema de monitoreo y control de la deforestaci\u00f3n <\/strong><\/p>\n<p style=\"text-align: justify;\">El Ministerio del Ambiente est\u00e1 implementando el primer sistema de monitoreo y control\u00a0de la deforestaci\u00f3n y reforestaci\u00f3n\u00a0 para el pa\u00eds, el cual arrancar\u00e1 con su plan piloto en Esmeraldas para luego ampliarlo a nivel nacional. \u00a0Este proceso arranc\u00f3 con la delimitaci\u00f3n de todas las \u00e1reas\u00a0protegidas y la zonificaci\u00f3n de las mismas en esa provincia. \u00a0Hasta el momento se han adquirido im\u00e1genes\u00a0radar que permiten la visualizaci\u00f3n de la cobertura vegetal, independientemente de las condiciones meteorol\u00f3gicas para realizar an\u00e1lisis cartogr\u00e1ficos precisos. Adem\u00e1s, se\u00a0cuenta con unidades aut\u00f3nomas de vuelo (DRONES) para realizar monitoreos in situ en los lugares identificados como focos de deforestaci\u00f3n. Con ello se tendr\u00e1 un registro cartogr\u00e1fico georreferenciado para tomar acciones inmediatas y\u00a0 combatir este problema.<\/p>\n<div id='gallery-1' class='gallery galleryid-17469 gallery-columns-3 gallery-size-thumbnail'><dl class='gallery-item'>\n\t\t\t<dt class='gallery-icon landscape'>\n\t\t\t\t<a href='https:\/\/www.ambienteyenergia.gob.ec\/ambiente\/estado-de-excepcion-en-esmeraldas-deja-importantes-resultados\/img_0063\/'><img loading=\"lazy\" decoding=\"async\" width=\"150\" height=\"150\" src=\"https:\/\/www.ambienteyenergia.gob.ec\/ambiente\/wp-content\/uploads\/sites\/2\/2013\/12\/IMG_0063-150x150.jpg\" class=\"attachment-thumbnail size-thumbnail\" alt=\"\" \/><\/a>\n\t\t\t<\/dt><\/dl><dl class='gallery-item'>\n\t\t\t<dt class='gallery-icon landscape'>\n\t\t\t\t<a href='https:\/\/www.ambienteyenergia.gob.ec\/ambiente\/estado-de-excepcion-en-esmeraldas-deja-importantes-resultados\/img_0083\/'><img loading=\"lazy\" decoding=\"async\" width=\"150\" height=\"150\" src=\"https:\/\/www.ambienteyenergia.gob.ec\/ambiente\/wp-content\/uploads\/sites\/2\/2013\/12\/IMG_0083-150x150.jpg\" class=\"attachment-thumbnail size-thumbnail\" alt=\"\" \/><\/a>\n\t\t\t<\/dt><\/dl>\n\t\t\t<br style='clear: both' \/>\n\t\t<\/div>\n\n","protected":false},"excerpt":{"rendered":"<p class=\"excerpt\">El d\u00eda de hoy en una rueda de prensa \u00a0la Ministra de Ambiente, Lorena Tapia acompa\u00f1ada de la Ministra de Defensa Mar\u00eda Fernanda Espinosa y Javier Cordova Viceministro del Interior, informaron sobre los resultados de los noventa d\u00edas de la aplicaci\u00f3n del Estado de Excepci\u00f3n en Esmeraldas que tuvo como objetivo detener el aprovechamiento no sostenible de los bosques y&hellip; <a href=\"https:\/\/www.ambienteyenergia.gob.ec\/ambiente\/estado-de-excepcion-en-esmeraldas-deja-importantes-resultados\/\">Read more &rarr;<\/a><\/p>\n","protected":false},"author":13,"featured_media":17470,"comment_status":"open","ping_status":"open","sticky":false,"template":"","format":"standard","meta":{"footnotes":""},"categories":[16,4],"tags":[],"class_list":["post-17469","post","type-post","status-publish","format-standard","has-post-thumbnail","hentry","category-comunicamos","category-noticias","xfolkentry"],"_links":{"self":[{"href":"https:\/\/www.ambienteyenergia.gob.ec\/ambiente\/wp-json\/wp\/v2\/posts\/17469","targetHints":{"allow":["GET"]}}],"collection":[{"href":"https:\/\/www.ambienteyenergia.gob.ec\/ambiente\/wp-json\/wp\/v2\/posts"}],"about":[{"href":"https:\/\/www.ambienteyenergia.gob.ec\/ambiente\/wp-json\/wp\/v2\/types\/post"}],"author":[{"embeddable":true,"href":"https:\/\/www.ambienteyenergia.gob.ec\/ambiente\/wp-json\/wp\/v2\/users\/13"}],"replies":[{"embeddable":true,"href":"https:\/\/www.ambienteyenergia.gob.ec\/ambiente\/wp-json\/wp\/v2\/comments?post=17469"}],"version-history":[{"count":0,"href":"https:\/\/www.ambienteyenergia.gob.ec\/ambiente\/wp-json\/wp\/v2\/posts\/17469\/revisions"}],"wp:featuredmedia":[{"embeddable":true,"href":"https:\/\/www.ambienteyenergia.gob.ec\/ambiente\/wp-json\/wp\/v2\/media\/17470"}],"wp:attachment":[{"href":"https:\/\/www.ambienteyenergia.gob.ec\/ambiente\/wp-json\/wp\/v2\/media?parent=17469"}],"wp:term":[{"taxonomy":"category","embeddable":true,"href":"https:\/\/www.ambienteyenergia.gob.ec\/ambiente\/wp-json\/wp\/v2\/categories?post=17469"},{"taxonomy":"post_tag","embeddable":true,"href":"https:\/\/www.ambienteyenergia.gob.ec\/ambiente\/wp-json\/wp\/v2\/tags?post=17469"}],"curies":[{"name":"wp","href":"https:\/\/api.w.org\/{rel}","templated":true}]}}