{"id":17431,"date":"2013-12-23T15:53:50","date_gmt":"2013-12-23T20:53:50","guid":{"rendered":"http:\/\/www.ambiente.gob.ec\/?p=17431"},"modified":"2013-12-24T08:01:25","modified_gmt":"2013-12-24T13:01:25","slug":"17431","status":"publish","type":"post","link":"https:\/\/www.ambienteyenergia.gob.ec\/ambiente\/17431\/","title":{"rendered":"MAE realiz\u00f3 V concurso de \u201cPesebres Navide\u00f1os Ecol\u00f3gicos\u201d, en Zamora"},"content":{"rendered":"<p style=\"text-align: justify;\">El pasado 18 de diciembre, a partir de las 9:00, la Direcci\u00f3n Provincial de Ambiente de Zamora Chinchipe, en coordinaci\u00f3n con el Gobierno Municipal de Zamora, el Fondo Procuencas, Hidrozamora, y Emapaz realizaron el V Concurso de \u201cPesebres Navide\u00f1os Ecol\u00f3gicos\u201d, labor que se efect\u00faa desde hace cinco a\u00f1os con los establecimientos educativos de la localidad.<\/p>\n<p style=\"text-align: justify;\">Las bases del concurso fueron creatividad, est\u00e9tica, originalidad, materiales reciclables y reutilizaci\u00f3n empleados, mensaje de la conservaci\u00f3n de los recursos naturales y mensaje navide\u00f1o. Los materiales m\u00e1s utilizados fueron latas, botellas pl\u00e1sticas, tapas de botellas, pedazos de tela, pedazos de espejo, alambres, pedazos de tubos, sorbetes, carpetas pl\u00e1sticas, saquillos, cart\u00f3n, pedazos de papel aluminio, y fundas pl\u00e1sticas, entre otros-<\/p>\n<p style=\"text-align: justify;\">Luego de la deliberaci\u00f3n del jurado calificador, el primer lugar\u00a0 categor\u00eda A, lo obtuvo la escuela Juan Wiesneth; se entreg\u00f3 40 fundas de caramelos y USD 100, por parte del Director Provincial del MAE. El Primer lugar categor\u00eda B, lo obtuvo el Instituto San Francisco; se entreg\u00f3 20 fundas de caramelos y USD 200, por parte del Gobierno Municipal de Zamora.<\/p>\n<div id='gallery-1' class='gallery galleryid-17431 gallery-columns-3 gallery-size-thumbnail'><dl class='gallery-item'>\n\t\t\t<dt class='gallery-icon landscape'>\n\t\t\t\t<a href='https:\/\/www.ambienteyenergia.gob.ec\/ambiente\/17431\/foto-2-9\/'><img loading=\"lazy\" decoding=\"async\" width=\"150\" height=\"150\" src=\"https:\/\/www.ambienteyenergia.gob.ec\/ambiente\/wp-content\/uploads\/sites\/2\/2013\/12\/FOTO-2-150x150.jpg\" class=\"attachment-thumbnail size-thumbnail\" alt=\"\" \/><\/a>\n\t\t\t<\/dt><\/dl><dl class='gallery-item'>\n\t\t\t<dt class='gallery-icon landscape'>\n\t\t\t\t<a href='https:\/\/www.ambienteyenergia.gob.ec\/ambiente\/17431\/foto-3-7\/'><img loading=\"lazy\" decoding=\"async\" width=\"150\" height=\"150\" src=\"https:\/\/www.ambienteyenergia.gob.ec\/ambiente\/wp-content\/uploads\/sites\/2\/2013\/12\/foto-3-150x150.jpg\" class=\"attachment-thumbnail size-thumbnail\" alt=\"\" \/><\/a>\n\t\t\t<\/dt><\/dl><dl class='gallery-item'>\n\t\t\t<dt class='gallery-icon landscape'>\n\t\t\t\t<a href='https:\/\/www.ambienteyenergia.gob.ec\/ambiente\/17431\/foto-4-7\/'><img loading=\"lazy\" decoding=\"async\" width=\"150\" height=\"150\" src=\"https:\/\/www.ambienteyenergia.gob.ec\/ambiente\/wp-content\/uploads\/sites\/2\/2013\/12\/FOTO-4-150x150.jpg\" class=\"attachment-thumbnail size-thumbnail\" alt=\"\" \/><\/a>\n\t\t\t<\/dt><\/dl><br style=\"clear: both\" \/>\n\t\t<\/div>\n\n","protected":false},"excerpt":{"rendered":"<p class=\"excerpt\">El pasado 18 de diciembre, a partir de las 9:00, la Direcci\u00f3n Provincial de Ambiente de Zamora Chinchipe, en coordinaci\u00f3n con el Gobierno Municipal de Zamora, el Fondo Procuencas, Hidrozamora, y Emapaz realizaron el V Concurso de \u201cPesebres Navide\u00f1os Ecol\u00f3gicos\u201d, labor que se efect\u00faa desde hace cinco a\u00f1os con los establecimientos educativos de la localidad. Las bases del concurso fueron&hellip; <a href=\"https:\/\/www.ambienteyenergia.gob.ec\/ambiente\/17431\/\">Read more &rarr;<\/a><\/p>\n","protected":false},"author":13,"featured_media":17435,"comment_status":"open","ping_status":"open","sticky":false,"template":"","format":"standard","meta":{"footnotes":""},"categories":[16,4],"tags":[],"class_list":["post-17431","post","type-post","status-publish","format-standard","has-post-thumbnail","hentry","category-comunicamos","category-noticias","xfolkentry"],"_links":{"self":[{"href":"https:\/\/www.ambienteyenergia.gob.ec\/ambiente\/wp-json\/wp\/v2\/posts\/17431","targetHints":{"allow":["GET"]}}],"collection":[{"href":"https:\/\/www.ambienteyenergia.gob.ec\/ambiente\/wp-json\/wp\/v2\/posts"}],"about":[{"href":"https:\/\/www.ambienteyenergia.gob.ec\/ambiente\/wp-json\/wp\/v2\/types\/post"}],"author":[{"embeddable":true,"href":"https:\/\/www.ambienteyenergia.gob.ec\/ambiente\/wp-json\/wp\/v2\/users\/13"}],"replies":[{"embeddable":true,"href":"https:\/\/www.ambienteyenergia.gob.ec\/ambiente\/wp-json\/wp\/v2\/comments?post=17431"}],"version-history":[{"count":0,"href":"https:\/\/www.ambienteyenergia.gob.ec\/ambiente\/wp-json\/wp\/v2\/posts\/17431\/revisions"}],"wp:featuredmedia":[{"embeddable":true,"href":"https:\/\/www.ambienteyenergia.gob.ec\/ambiente\/wp-json\/wp\/v2\/media\/17435"}],"wp:attachment":[{"href":"https:\/\/www.ambienteyenergia.gob.ec\/ambiente\/wp-json\/wp\/v2\/media?parent=17431"}],"wp:term":[{"taxonomy":"category","embeddable":true,"href":"https:\/\/www.ambienteyenergia.gob.ec\/ambiente\/wp-json\/wp\/v2\/categories?post=17431"},{"taxonomy":"post_tag","embeddable":true,"href":"https:\/\/www.ambienteyenergia.gob.ec\/ambiente\/wp-json\/wp\/v2\/tags?post=17431"}],"curies":[{"name":"wp","href":"https:\/\/api.w.org\/{rel}","templated":true}]}}