{"id":17420,"date":"2013-12-20T15:47:55","date_gmt":"2013-12-20T20:47:55","guid":{"rendered":"http:\/\/www.ambiente.gob.ec\/?p=17420"},"modified":"2013-12-20T15:47:55","modified_gmt":"2013-12-20T20:47:55","slug":"mae-finalizo-etapas-del-proyecto-red-infantil-guardianes-del-planeta-y-de-ecotalleres-en-chimborazo","status":"publish","type":"post","link":"https:\/\/www.ambienteyenergia.gob.ec\/ambiente\/mae-finalizo-etapas-del-proyecto-red-infantil-guardianes-del-planeta-y-de-ecotalleres-en-chimborazo\/","title":{"rendered":"MAE finaliz\u00f3 etapas del  Proyecto \u00abRed Infantil Guardianes del Planeta\u00bb y de Ecotalleres, en Chimborazo"},"content":{"rendered":"<p style=\"text-align: justify;\">La Direcci\u00f3n Provincial del Ambiente de Chimborazo, a trav\u00e9s del Proyecto Red Infantil Guardianes del Planeta, en los meses de septiembre a diciembre 2013 capacit\u00f3 a 2468 estudiantes, 1466 ni\u00f1as y 1002 ni\u00f1os entre\u00a0 10 y 12 a\u00f1os de 23 escuelas de\u00a0 los cantones Riobamba, Alaus\u00ed, Chambo, Pallatanga, Guano, Penipe, Cumand\u00e1, Chunchi, Colta y Guamote de la Provincia de Chimborazo.<\/p>\n<p style=\"text-align: justify;\">El pasado de diciembre, el Ministerio del Ambiente del Ecuador (MAE) realiz\u00f3 el evento de clausura\u00a0 de la primera fase de capacitaci\u00f3n, a la cual asistieron los representantes de las escuelas capacitadas en Chimborazo. Esta Cartera de Estado entreg\u00f3 certificados de reconocimiento\u00a0 como actores activos en este proceso de sensibilizaci\u00f3n y concienciaci\u00f3n ambiental.<\/p>\n<p style=\"text-align: justify;\">Gracias al apoyo de Visi\u00f3n Mundial Ecuador PDA-Guano, se entregaron kits de basureros ecol\u00f3gicos como incentivo a las escuelas que forman parte de la Red Infantil Guardianes del Planeta Chimborazo.<\/p>\n<p style=\"text-align: justify;\">Adem\u00e1s, dentro del programa de Ecotalleres Fase 2, se capacitaron 20 Promotores Ambientales Comunitarios de la parroquia San Andr\u00e9s, quienes enfrentar\u00e1n los problemas ambientales y dificultades que tienen su impacto no solo en el entorno sino en su salud, alimentaci\u00f3n y actividades productivas y velar\u00e1n por el adecuado manejo de los recursos de su localidad.<\/p>\n<p style=\"text-align: justify;\"><a href=\"http:\/\/www.ambienteyenergia.gob.ec\/ambiente\/wp-content\/uploads\/2013\/12\/DSC08008.jpg\"><img loading=\"lazy\" decoding=\"async\" class=\"aligncenter size-full wp-image-17422\" alt=\"MAE finaliz\u00f3 etapas del  Proyecto &quot;Red Infantil Guardianes del Planeta&quot; y de Ecotalleres, en Chimborazo\" src=\"http:\/\/www.ambienteyenergia.gob.ec\/ambiente\/wp-content\/uploads\/2013\/12\/DSC08008.jpg\" width=\"650\" height=\"367\" srcset=\"https:\/\/www.ambienteyenergia.gob.ec\/ambiente\/wp-content\/uploads\/sites\/2\/2013\/12\/DSC08008.jpg 650w, https:\/\/www.ambienteyenergia.gob.ec\/ambiente\/wp-content\/uploads\/sites\/2\/2013\/12\/DSC08008-300x169.jpg 300w, https:\/\/www.ambienteyenergia.gob.ec\/ambiente\/wp-content\/uploads\/sites\/2\/2013\/12\/DSC08008-500x282.jpg 500w\" sizes=\"auto, (max-width: 650px) 100vw, 650px\" \/><\/a> <a href=\"http:\/\/www.ambienteyenergia.gob.ec\/ambiente\/wp-content\/uploads\/2013\/12\/DSC08088.jpg\"><img loading=\"lazy\" decoding=\"async\" class=\"aligncenter size-full wp-image-17423\" alt=\"MAE finaliz\u00f3 etapas del  Proyecto &quot;Red Infantil Guardianes del Planeta&quot; y de Ecotalleres, en Chimborazo\" src=\"http:\/\/www.ambienteyenergia.gob.ec\/ambiente\/wp-content\/uploads\/2013\/12\/DSC08088.jpg\" width=\"650\" height=\"367\" srcset=\"https:\/\/www.ambienteyenergia.gob.ec\/ambiente\/wp-content\/uploads\/sites\/2\/2013\/12\/DSC08088.jpg 650w, https:\/\/www.ambienteyenergia.gob.ec\/ambiente\/wp-content\/uploads\/sites\/2\/2013\/12\/DSC08088-300x169.jpg 300w, https:\/\/www.ambienteyenergia.gob.ec\/ambiente\/wp-content\/uploads\/sites\/2\/2013\/12\/DSC08088-500x282.jpg 500w\" sizes=\"auto, (max-width: 650px) 100vw, 650px\" \/><\/a><\/p>\n","protected":false},"excerpt":{"rendered":"<p class=\"excerpt\">La Direcci\u00f3n Provincial del Ambiente de Chimborazo, a trav\u00e9s del Proyecto Red Infantil Guardianes del Planeta, en los meses de septiembre a diciembre 2013 capacit\u00f3 a 2468 estudiantes, 1466 ni\u00f1as y 1002 ni\u00f1os entre\u00a0 10 y 12 a\u00f1os de 23 escuelas de\u00a0 los cantones Riobamba, Alaus\u00ed, Chambo, Pallatanga, Guano, Penipe, Cumand\u00e1, Chunchi, Colta y Guamote de la Provincia de Chimborazo.&hellip; <a href=\"https:\/\/www.ambienteyenergia.gob.ec\/ambiente\/mae-finalizo-etapas-del-proyecto-red-infantil-guardianes-del-planeta-y-de-ecotalleres-en-chimborazo\/\">Read more &rarr;<\/a><\/p>\n","protected":false},"author":13,"featured_media":17421,"comment_status":"open","ping_status":"open","sticky":false,"template":"","format":"standard","meta":{"footnotes":""},"categories":[16,4],"tags":[],"class_list":["post-17420","post","type-post","status-publish","format-standard","has-post-thumbnail","hentry","category-comunicamos","category-noticias","xfolkentry"],"_links":{"self":[{"href":"https:\/\/www.ambienteyenergia.gob.ec\/ambiente\/wp-json\/wp\/v2\/posts\/17420","targetHints":{"allow":["GET"]}}],"collection":[{"href":"https:\/\/www.ambienteyenergia.gob.ec\/ambiente\/wp-json\/wp\/v2\/posts"}],"about":[{"href":"https:\/\/www.ambienteyenergia.gob.ec\/ambiente\/wp-json\/wp\/v2\/types\/post"}],"author":[{"embeddable":true,"href":"https:\/\/www.ambienteyenergia.gob.ec\/ambiente\/wp-json\/wp\/v2\/users\/13"}],"replies":[{"embeddable":true,"href":"https:\/\/www.ambienteyenergia.gob.ec\/ambiente\/wp-json\/wp\/v2\/comments?post=17420"}],"version-history":[{"count":0,"href":"https:\/\/www.ambienteyenergia.gob.ec\/ambiente\/wp-json\/wp\/v2\/posts\/17420\/revisions"}],"wp:featuredmedia":[{"embeddable":true,"href":"https:\/\/www.ambienteyenergia.gob.ec\/ambiente\/wp-json\/wp\/v2\/media\/17421"}],"wp:attachment":[{"href":"https:\/\/www.ambienteyenergia.gob.ec\/ambiente\/wp-json\/wp\/v2\/media?parent=17420"}],"wp:term":[{"taxonomy":"category","embeddable":true,"href":"https:\/\/www.ambienteyenergia.gob.ec\/ambiente\/wp-json\/wp\/v2\/categories?post=17420"},{"taxonomy":"post_tag","embeddable":true,"href":"https:\/\/www.ambienteyenergia.gob.ec\/ambiente\/wp-json\/wp\/v2\/tags?post=17420"}],"curies":[{"name":"wp","href":"https:\/\/api.w.org\/{rel}","templated":true}]}}