{"id":17404,"date":"2013-12-20T14:05:16","date_gmt":"2013-12-20T19:05:16","guid":{"rendered":"http:\/\/www.ambiente.gob.ec\/?p=17404"},"modified":"2013-12-20T14:11:39","modified_gmt":"2013-12-20T19:11:39","slug":"mae-entrego-reconocimiento-a-escuelas-y-colegios-que-participaron-en-el-concurso-de-pesebres-ecologicos-en-loja","status":"publish","type":"post","link":"https:\/\/www.ambienteyenergia.gob.ec\/ambiente\/mae-entrego-reconocimiento-a-escuelas-y-colegios-que-participaron-en-el-concurso-de-pesebres-ecologicos-en-loja\/","title":{"rendered":"MAE entreg\u00f3 reconocimiento a escuelas y colegios que participaron en el concurso de Pesebres Ecol\u00f3gicos en Loja"},"content":{"rendered":"<p style=\"text-align: justify;\">Hoy, el Ministerio del Ambiente del Ecuador, entreg\u00f3 los reconocimientos del d\u00e9cimo tercer Concurso de Pesebres Ecol\u00f3gicos \u201cRespetemos la Vida Silvestre\u201d, en honor al XXXI Aniversario del Parque Nacional Podocarpus (1982-2013), y como parte de la campa\u00f1a \u00a1No arranques la piel de los Bosques! misma que busca concienciar a la poblaci\u00f3n para que no adquiera especies no maderables como el musgo.<\/p>\n<p style=\"text-align: justify;\">Este concurso se realiz\u00f3 gracias a la colaboraci\u00f3n del comit\u00e9 interinstitucional integrado por el MAE, GAD Municipal de Loja, Gobierno Provincial de Loja, Distrito de Educaci\u00f3n, Casa de la Cultura, FORAGUA y Naturaleza y Cultura Internacional.<\/p>\n<p style=\"text-align: justify;\">Tomando en cuenta que todos los establecimientos educativos respetaron las bases del concurso, realizando esta actividad como un trabajo colectivo, y utilizando materiales reutilizados o de reciclaje; los resultados son los siguientes:<\/p>\n<p style=\"text-align: justify;\">Categor\u00eda escuelas<\/p>\n<p style=\"text-align: justify;\">Primer lugar: Unidad Educativa Municipal \u00c1ngel Felic\u00edsimo Rojas<\/p>\n<p style=\"text-align: justify;\">Primer lugar: Unidad Educativa Municipal H\u00e9roes del Cenepa<\/p>\n<p style=\"text-align: justify;\">Primer lugar: Zoila Alvarado de Jaramillo<\/p>\n<p style=\"text-align: justify;\">Segundo lugar: Unidad Educativa Municipal \u201cLa Pradera\u201d<\/p>\n<p style=\"text-align: justify;\">Segundo lugar: Unidad Educativa Municipal \u201cBorja\u201d<\/p>\n<p style=\"text-align: justify;\">Segundo lugar: Tesoros del Saber<\/p>\n<p style=\"text-align: justify;\">Segundo lugar: Unidad Educativa Municipal Monse\u00f1or Jorge Guillermo Armijos<\/p>\n<p style=\"text-align: justify;\">Segundo lugar: Tesoros del Saber<\/p>\n<p style=\"text-align: justify;\">Categor\u00eda Colegios<\/p>\n<p style=\"text-align: justify;\">Primer lugar: Beatriz Cueva de Ayora<\/p>\n<p style=\"text-align: justify;\">Primer lugar: Sta. Mariana de Jes\u00fas<\/p>\n<p style=\"text-align: justify;\">Segundo lugar: U.E. Cordillera<\/p>\n<p style=\"text-align: justify;\">Segundo lugar: Colegio Ateneo<\/p>\n<p style=\"text-align: justify;\">Segundo lugar: Dr. Jos\u00e9 Mar\u00eda Vivar C.<\/p>\n<p style=\"text-align: justify;\">Segundo lugar: Unidad Educativa Anexa a la UNL<\/p>\n<div id='gallery-1' class='gallery galleryid-17404 gallery-columns-3 gallery-size-thumbnail'><dl class='gallery-item'>\n\t\t\t<dt class='gallery-icon landscape'>\n\t\t\t\t<a href='https:\/\/www.ambienteyenergia.gob.ec\/ambiente\/mae-entrego-reconocimiento-a-escuelas-y-colegios-que-participaron-en-el-concurso-de-pesebres-ecologicos-en-loja\/ateneo-grupo2\/'><img loading=\"lazy\" decoding=\"async\" width=\"150\" height=\"150\" src=\"https:\/\/www.ambienteyenergia.gob.ec\/ambiente\/wp-content\/uploads\/sites\/2\/2013\/12\/Ateneo-GRUPO2-150x150.jpg\" class=\"attachment-thumbnail size-thumbnail\" alt=\"\" \/><\/a>\n\t\t\t<\/dt><\/dl><dl class='gallery-item'>\n\t\t\t<dt class='gallery-icon landscape'>\n\t\t\t\t<a href='https:\/\/www.ambienteyenergia.gob.ec\/ambiente\/mae-entrego-reconocimiento-a-escuelas-y-colegios-que-participaron-en-el-concurso-de-pesebres-ecologicos-en-loja\/beatriz-cueva4\/'><img loading=\"lazy\" decoding=\"async\" width=\"150\" height=\"150\" src=\"https:\/\/www.ambienteyenergia.gob.ec\/ambiente\/wp-content\/uploads\/sites\/2\/2013\/12\/Beatriz-Cueva4-150x150.jpg\" class=\"attachment-thumbnail size-thumbnail\" alt=\"\" \/><\/a>\n\t\t\t<\/dt><\/dl><dl class='gallery-item'>\n\t\t\t<dt class='gallery-icon landscape'>\n\t\t\t\t<a href='https:\/\/www.ambienteyenergia.gob.ec\/ambiente\/mae-entrego-reconocimiento-a-escuelas-y-colegios-que-participaron-en-el-concurso-de-pesebres-ecologicos-en-loja\/heroes-del-cenepa\/'><img loading=\"lazy\" decoding=\"async\" width=\"150\" height=\"150\" src=\"https:\/\/www.ambienteyenergia.gob.ec\/ambiente\/wp-content\/uploads\/sites\/2\/2013\/12\/Heroes-del-Cenepa-150x150.jpg\" class=\"attachment-thumbnail size-thumbnail\" alt=\"\" \/><\/a>\n\t\t\t<\/dt><\/dl><br style=\"clear: both\" \/><dl class='gallery-item'>\n\t\t\t<dt class='gallery-icon landscape'>\n\t\t\t\t<a href='https:\/\/www.ambienteyenergia.gob.ec\/ambiente\/mae-entrego-reconocimiento-a-escuelas-y-colegios-que-participaron-en-el-concurso-de-pesebres-ecologicos-en-loja\/marianitas\/'><img loading=\"lazy\" decoding=\"async\" width=\"150\" height=\"150\" src=\"https:\/\/www.ambienteyenergia.gob.ec\/ambiente\/wp-content\/uploads\/sites\/2\/2013\/12\/MArianitas-150x150.jpg\" class=\"attachment-thumbnail size-thumbnail\" alt=\"\" \/><\/a>\n\t\t\t<\/dt><\/dl><dl class='gallery-item'>\n\t\t\t<dt class='gallery-icon landscape'>\n\t\t\t\t<a href='https:\/\/www.ambienteyenergia.gob.ec\/ambiente\/mae-entrego-reconocimiento-a-escuelas-y-colegios-que-participaron-en-el-concurso-de-pesebres-ecologicos-en-loja\/municipal-borja\/'><img loading=\"lazy\" decoding=\"async\" width=\"150\" height=\"150\" src=\"https:\/\/www.ambienteyenergia.gob.ec\/ambiente\/wp-content\/uploads\/sites\/2\/2013\/12\/Municipal-Borja-150x150.jpg\" class=\"attachment-thumbnail size-thumbnail\" alt=\"\" \/><\/a>\n\t\t\t<\/dt><\/dl><dl class='gallery-item'>\n\t\t\t<dt class='gallery-icon landscape'>\n\t\t\t\t<a href='https:\/\/www.ambienteyenergia.gob.ec\/ambiente\/mae-entrego-reconocimiento-a-escuelas-y-colegios-que-participaron-en-el-concurso-de-pesebres-ecologicos-en-loja\/municipal-la-pradera-2\/'><img loading=\"lazy\" decoding=\"async\" width=\"150\" height=\"150\" src=\"https:\/\/www.ambienteyenergia.gob.ec\/ambiente\/wp-content\/uploads\/sites\/2\/2013\/12\/Municipal-La-Pradera-2-150x150.jpg\" class=\"attachment-thumbnail size-thumbnail\" alt=\"\" \/><\/a>\n\t\t\t<\/dt><\/dl><br style=\"clear: both\" \/><dl class='gallery-item'>\n\t\t\t<dt class='gallery-icon landscape'>\n\t\t\t\t<a href='https:\/\/www.ambienteyenergia.gob.ec\/ambiente\/mae-entrego-reconocimiento-a-escuelas-y-colegios-que-participaron-en-el-concurso-de-pesebres-ecologicos-en-loja\/tesoro-del-saber3\/'><img loading=\"lazy\" decoding=\"async\" width=\"150\" height=\"150\" src=\"https:\/\/www.ambienteyenergia.gob.ec\/ambiente\/wp-content\/uploads\/sites\/2\/2013\/12\/Tesoro-del-Saber3-150x150.jpg\" class=\"attachment-thumbnail size-thumbnail\" alt=\"\" \/><\/a>\n\t\t\t<\/dt><\/dl><dl class='gallery-item'>\n\t\t\t<dt class='gallery-icon landscape'>\n\t\t\t\t<a href='https:\/\/www.ambienteyenergia.gob.ec\/ambiente\/mae-entrego-reconocimiento-a-escuelas-y-colegios-que-participaron-en-el-concurso-de-pesebres-ecologicos-en-loja\/uem-jorge-guillermo-armijos\/'><img loading=\"lazy\" decoding=\"async\" width=\"150\" height=\"150\" src=\"https:\/\/www.ambienteyenergia.gob.ec\/ambiente\/wp-content\/uploads\/sites\/2\/2013\/12\/UEM-Jorge-Guillermo-Armijos-150x150.jpg\" class=\"attachment-thumbnail size-thumbnail\" alt=\"\" \/><\/a>\n\t\t\t<\/dt><\/dl><dl class='gallery-item'>\n\t\t\t<dt class='gallery-icon landscape'>\n\t\t\t\t<a href='https:\/\/www.ambienteyenergia.gob.ec\/ambiente\/mae-entrego-reconocimiento-a-escuelas-y-colegios-que-participaron-en-el-concurso-de-pesebres-ecologicos-en-loja\/uem-tierras-coloradas\/'><img loading=\"lazy\" decoding=\"async\" width=\"150\" height=\"150\" src=\"https:\/\/www.ambienteyenergia.gob.ec\/ambiente\/wp-content\/uploads\/sites\/2\/2013\/12\/UEM-Tierras-Coloradas-150x150.jpg\" class=\"attachment-thumbnail size-thumbnail\" alt=\"\" \/><\/a>\n\t\t\t<\/dt><\/dl><br style=\"clear: both\" \/><dl class='gallery-item'>\n\t\t\t<dt class='gallery-icon landscape'>\n\t\t\t\t<a href='https:\/\/www.ambienteyenergia.gob.ec\/ambiente\/mae-entrego-reconocimiento-a-escuelas-y-colegios-que-participaron-en-el-concurso-de-pesebres-ecologicos-en-loja\/zoila-alvarado-grupo1\/'><img loading=\"lazy\" decoding=\"async\" width=\"150\" height=\"150\" src=\"https:\/\/www.ambienteyenergia.gob.ec\/ambiente\/wp-content\/uploads\/sites\/2\/2013\/12\/Zoila-Alvarado-.-GRUPO1-150x150.jpg\" class=\"attachment-thumbnail size-thumbnail\" alt=\"\" \/><\/a>\n\t\t\t<\/dt><\/dl>\n\t\t\t<br style='clear: both' \/>\n\t\t<\/div>\n\n","protected":false},"excerpt":{"rendered":"<p class=\"excerpt\">Hoy, el Ministerio del Ambiente del Ecuador, entreg\u00f3 los reconocimientos del d\u00e9cimo tercer Concurso de Pesebres Ecol\u00f3gicos \u201cRespetemos la Vida Silvestre\u201d, en honor al XXXI Aniversario del Parque Nacional Podocarpus (1982-2013), y como parte de la campa\u00f1a \u00a1No arranques la piel de los Bosques! misma que busca concienciar a la poblaci\u00f3n para que no adquiera especies no maderables como el&hellip; <a href=\"https:\/\/www.ambienteyenergia.gob.ec\/ambiente\/mae-entrego-reconocimiento-a-escuelas-y-colegios-que-participaron-en-el-concurso-de-pesebres-ecologicos-en-loja\/\">Read more &rarr;<\/a><\/p>\n","protected":false},"author":13,"featured_media":17407,"comment_status":"open","ping_status":"open","sticky":false,"template":"","format":"standard","meta":{"footnotes":""},"categories":[16,4],"tags":[],"class_list":["post-17404","post","type-post","status-publish","format-standard","has-post-thumbnail","hentry","category-comunicamos","category-noticias","xfolkentry"],"_links":{"self":[{"href":"https:\/\/www.ambienteyenergia.gob.ec\/ambiente\/wp-json\/wp\/v2\/posts\/17404","targetHints":{"allow":["GET"]}}],"collection":[{"href":"https:\/\/www.ambienteyenergia.gob.ec\/ambiente\/wp-json\/wp\/v2\/posts"}],"about":[{"href":"https:\/\/www.ambienteyenergia.gob.ec\/ambiente\/wp-json\/wp\/v2\/types\/post"}],"author":[{"embeddable":true,"href":"https:\/\/www.ambienteyenergia.gob.ec\/ambiente\/wp-json\/wp\/v2\/users\/13"}],"replies":[{"embeddable":true,"href":"https:\/\/www.ambienteyenergia.gob.ec\/ambiente\/wp-json\/wp\/v2\/comments?post=17404"}],"version-history":[{"count":0,"href":"https:\/\/www.ambienteyenergia.gob.ec\/ambiente\/wp-json\/wp\/v2\/posts\/17404\/revisions"}],"wp:featuredmedia":[{"embeddable":true,"href":"https:\/\/www.ambienteyenergia.gob.ec\/ambiente\/wp-json\/wp\/v2\/media\/17407"}],"wp:attachment":[{"href":"https:\/\/www.ambienteyenergia.gob.ec\/ambiente\/wp-json\/wp\/v2\/media?parent=17404"}],"wp:term":[{"taxonomy":"category","embeddable":true,"href":"https:\/\/www.ambienteyenergia.gob.ec\/ambiente\/wp-json\/wp\/v2\/categories?post=17404"},{"taxonomy":"post_tag","embeddable":true,"href":"https:\/\/www.ambienteyenergia.gob.ec\/ambiente\/wp-json\/wp\/v2\/tags?post=17404"}],"curies":[{"name":"wp","href":"https:\/\/api.w.org\/{rel}","templated":true}]}}