{"id":17393,"date":"2013-12-20T10:14:00","date_gmt":"2013-12-20T15:14:00","guid":{"rendered":"http:\/\/www.ambiente.gob.ec\/?p=17393"},"modified":"2013-12-20T10:42:05","modified_gmt":"2013-12-20T15:42:05","slug":"el-promotor-del-ecosocialismo-constato-el-desastre-que-dejo-chevron-texaco-en-la-amazonia","status":"publish","type":"post","link":"https:\/\/www.ambienteyenergia.gob.ec\/ambiente\/el-promotor-del-ecosocialismo-constato-el-desastre-que-dejo-chevron-texaco-en-la-amazonia\/","title":{"rendered":"El promotor del Ecosocialismo constat\u00f3 el desastre que dej\u00f3 Chevron-Texaco en la Amazon\u00eda"},"content":{"rendered":"<p style=\"text-align: justify;\">La injusticia cometida en Ecuador por la empresa Chevron-Texaco tendr\u00e1 un portavoz en Europa. As\u00ed lo asegur\u00f3 el mi\u00e9rcoles Jean-Luc Melenchon, pol\u00edtico franc\u00e9s, eurodiputado y copresidente del Partido de Izquierda, despu\u00e9s de constatar personalmente la presencia de petr\u00f3leo en\u00a0 las piscinas que dej\u00f3 Texaco junto al pozo Aguarico 4, en el cant\u00f3n Shushufindi, provincia de Lago Agrio.<\/p>\n<p style=\"text-align: justify;\">Paola Carrera, gerente del Programa de Reparaci\u00f3n Ambiental y Social (PRAS) del Ministerio del Ambiente (MAE) fue la encargada de mostrar\u00a0 los efectos de las pr\u00e1cticas antit\u00e9cnicas de la multinacional sobre el agua, el suelo, la flora y la fauna de esa zona. \u201cNo estamos hablando de una o dos, sino de cerca de mil piscinas\u00a0 que ni siquiera fueron remediadas, sino ocultadas\u201d, asegur\u00f3 Carrera mientras segu\u00eda la pista de las manchas negras y aceitosas en el suelo y los pantanos circundantes al pozo Aguarico 4.<\/p>\n<p style=\"text-align: justify;\">Durante el recorrido que dur\u00f3 una hora y media Melench\u00f3n se enter\u00f3 de la desinformaci\u00f3n emitida por la petrolera que hace m\u00e1s de 30 a\u00f1os convenci\u00f3 a los colonos de los supuestos beneficios de consumir agua con petr\u00f3leo, de frotarse el petr\u00f3leo en la piel y hasta de ba\u00f1arse en petr\u00f3leo para curar enfermedades como el reumatismo.<\/p>\n<p style=\"text-align: justify;\">\u201cEllos seguramente sab\u00edan que esto era t\u00f3xico y se aprovecharon de la ignorancia de la gente que confi\u00f3 en los t\u00e9cnicos. Esto no es un accidente, es un crimen contra la humanidad\u201d, dijo Melench\u00f3n al tiempo que mostr\u00f3 su mano empapada de petr\u00f3leo a las c\u00e1maras de televisi\u00f3n francesa y nacional que le acompa\u00f1aron.<\/p>\n<p style=\"text-align: justify;\">El jueves Melench\u00f3n comparti\u00f3 sus impresiones sobre la visita y la campa\u00f1a \u201cLa mano sucia de Chevron\u201d con la Ministra del Ambiente, Lorena Tapia. Adem\u00e1s, discuti\u00f3 con ella las tesis que sostienen el Manifiesto del Ecosocialismo que parte de la idea de que hay un \u00fanico ecosistema compatible con la vida humana y eso implica un inter\u00e9s para protegerlo.<\/p>\n<p style=\"text-align: justify;\">Seg\u00fan Melenchon, al empatar los principios del Ecosocialismo con la Revoluci\u00f3n Ciudadana, no se puede dejar de lado una pregunta \u00bfpara qu\u00e9 hacemos la Revoluci\u00f3n? \u201cEs necesario pensar que las mejoras en la producci\u00f3n pueden ayudar a sacarnos de la pobreza que no es lo mismo que llenarnos de dinero en los bolsillos, sacando m\u00e1s de lo que necesitamos de la naturaleza\u201d.<\/p>\n<p style=\"text-align: justify;\">\u00a0La Ministra del Ambiente se mostr\u00f3 interesada con las propuestas del Ecosocialismo y en el caso de la explotaci\u00f3n petrolera asegur\u00f3 que este es el mejor momento para que el Ecuador muestre al mundo c\u00f3mo se pueden hacer bien las cosas. \u201cNo se pueden igualar las condiciones de explotaci\u00f3n actuales con las que dej\u00f3 Chevron-Texaco. Hoy, el Ecuador tiene un Ministerio del Ambiente fortalecido, capaz de hacer controles y seguimientos rigurosos, capaz de exigir el cumplimiento de normativa, de procesos t\u00e9cnicamente sustentadas y capaz de reaccionar oportunamente ante las contingencias que nunca faltan\u201d.<\/p>\n<p style=\"text-align: justify;\">Jean Luc Melenchon se despidi\u00f3 de la Ministra Tapia ratificando su compromiso por divulgar lo que constat\u00f3 en el marco de la campa\u00f1a La Mano Sucia de Chevron. \u201cSer\u00e9 como un padrino de esta causa en mi pa\u00eds y en Europa. Es importante que todos sepan el crimen que se cometi\u00f3 en la Amazon\u00eda ecuatoriana\u201d.<\/p>\n<p style=\"text-align: justify;\"><a href=\"http:\/\/www.ambienteyenergia.gob.ec\/ambiente\/wp-content\/uploads\/2013\/12\/IMG_1430.jpg\"><img loading=\"lazy\" decoding=\"async\" class=\"aligncenter size-full wp-image-17396\" alt=\"CHEVRON\" src=\"http:\/\/www.ambienteyenergia.gob.ec\/ambiente\/wp-content\/uploads\/2013\/12\/IMG_1430.jpg\" width=\"800\" height=\"600\" srcset=\"https:\/\/www.ambienteyenergia.gob.ec\/ambiente\/wp-content\/uploads\/sites\/2\/2013\/12\/IMG_1430.jpg 800w, https:\/\/www.ambienteyenergia.gob.ec\/ambiente\/wp-content\/uploads\/sites\/2\/2013\/12\/IMG_1430-300x225.jpg 300w, https:\/\/www.ambienteyenergia.gob.ec\/ambiente\/wp-content\/uploads\/sites\/2\/2013\/12\/IMG_1430-400x300.jpg 400w\" sizes=\"auto, (max-width: 800px) 100vw, 800px\" \/><\/a> <a href=\"http:\/\/www.ambienteyenergia.gob.ec\/ambiente\/wp-content\/uploads\/2013\/12\/IMG_1431.jpg\"><img loading=\"lazy\" decoding=\"async\" class=\"aligncenter size-full wp-image-17397\" alt=\"CHEVRON\" src=\"http:\/\/www.ambienteyenergia.gob.ec\/ambiente\/wp-content\/uploads\/2013\/12\/IMG_1431.jpg\" width=\"800\" height=\"600\" srcset=\"https:\/\/www.ambienteyenergia.gob.ec\/ambiente\/wp-content\/uploads\/sites\/2\/2013\/12\/IMG_1431.jpg 800w, https:\/\/www.ambienteyenergia.gob.ec\/ambiente\/wp-content\/uploads\/sites\/2\/2013\/12\/IMG_1431-300x225.jpg 300w, https:\/\/www.ambienteyenergia.gob.ec\/ambiente\/wp-content\/uploads\/sites\/2\/2013\/12\/IMG_1431-400x300.jpg 400w\" sizes=\"auto, (max-width: 800px) 100vw, 800px\" \/><\/a> <a href=\"http:\/\/www.ambienteyenergia.gob.ec\/ambiente\/wp-content\/uploads\/2013\/12\/IMG_1432.jpg\"><img loading=\"lazy\" decoding=\"async\" class=\"aligncenter size-full wp-image-17398\" alt=\"CHEVRON\" src=\"http:\/\/www.ambienteyenergia.gob.ec\/ambiente\/wp-content\/uploads\/2013\/12\/IMG_1432.jpg\" width=\"600\" height=\"800\" srcset=\"https:\/\/www.ambienteyenergia.gob.ec\/ambiente\/wp-content\/uploads\/sites\/2\/2013\/12\/IMG_1432.jpg 600w, https:\/\/www.ambienteyenergia.gob.ec\/ambiente\/wp-content\/uploads\/sites\/2\/2013\/12\/IMG_1432-225x300.jpg 225w\" sizes=\"auto, (max-width: 600px) 100vw, 600px\" \/><\/a><\/p>\n","protected":false},"excerpt":{"rendered":"<p class=\"excerpt\">La injusticia cometida en Ecuador por la empresa Chevron-Texaco tendr\u00e1 un portavoz en Europa. As\u00ed lo asegur\u00f3 el mi\u00e9rcoles Jean-Luc Melenchon, pol\u00edtico franc\u00e9s, eurodiputado y copresidente del Partido de Izquierda, despu\u00e9s de constatar personalmente la presencia de petr\u00f3leo en\u00a0 las piscinas que dej\u00f3 Texaco junto al pozo Aguarico 4, en el cant\u00f3n Shushufindi, provincia de Lago Agrio. Paola Carrera, gerente&hellip; <a href=\"https:\/\/www.ambienteyenergia.gob.ec\/ambiente\/el-promotor-del-ecosocialismo-constato-el-desastre-que-dejo-chevron-texaco-en-la-amazonia\/\">Read more &rarr;<\/a><\/p>\n","protected":false},"author":13,"featured_media":17395,"comment_status":"open","ping_status":"open","sticky":false,"template":"","format":"standard","meta":{"footnotes":""},"categories":[16,4],"tags":[],"class_list":["post-17393","post","type-post","status-publish","format-standard","has-post-thumbnail","hentry","category-comunicamos","category-noticias","xfolkentry"],"_links":{"self":[{"href":"https:\/\/www.ambienteyenergia.gob.ec\/ambiente\/wp-json\/wp\/v2\/posts\/17393","targetHints":{"allow":["GET"]}}],"collection":[{"href":"https:\/\/www.ambienteyenergia.gob.ec\/ambiente\/wp-json\/wp\/v2\/posts"}],"about":[{"href":"https:\/\/www.ambienteyenergia.gob.ec\/ambiente\/wp-json\/wp\/v2\/types\/post"}],"author":[{"embeddable":true,"href":"https:\/\/www.ambienteyenergia.gob.ec\/ambiente\/wp-json\/wp\/v2\/users\/13"}],"replies":[{"embeddable":true,"href":"https:\/\/www.ambienteyenergia.gob.ec\/ambiente\/wp-json\/wp\/v2\/comments?post=17393"}],"version-history":[{"count":0,"href":"https:\/\/www.ambienteyenergia.gob.ec\/ambiente\/wp-json\/wp\/v2\/posts\/17393\/revisions"}],"wp:featuredmedia":[{"embeddable":true,"href":"https:\/\/www.ambienteyenergia.gob.ec\/ambiente\/wp-json\/wp\/v2\/media\/17395"}],"wp:attachment":[{"href":"https:\/\/www.ambienteyenergia.gob.ec\/ambiente\/wp-json\/wp\/v2\/media?parent=17393"}],"wp:term":[{"taxonomy":"category","embeddable":true,"href":"https:\/\/www.ambienteyenergia.gob.ec\/ambiente\/wp-json\/wp\/v2\/categories?post=17393"},{"taxonomy":"post_tag","embeddable":true,"href":"https:\/\/www.ambienteyenergia.gob.ec\/ambiente\/wp-json\/wp\/v2\/tags?post=17393"}],"curies":[{"name":"wp","href":"https:\/\/api.w.org\/{rel}","templated":true}]}}