{"id":17376,"date":"2013-12-19T18:48:57","date_gmt":"2013-12-19T23:48:57","guid":{"rendered":"http:\/\/www.ambiente.gob.ec\/?p=17376"},"modified":"2013-12-20T08:08:02","modified_gmt":"2013-12-20T13:08:02","slug":"ministra-lorena-tapia-entrego-carta-de-aprobacion-de-la-estrategia-provincial-de-cambio-climatico-de-provincia-del-guayas","status":"publish","type":"post","link":"https:\/\/www.ambienteyenergia.gob.ec\/ambiente\/ministra-lorena-tapia-entrego-carta-de-aprobacion-de-la-estrategia-provincial-de-cambio-climatico-de-provincia-del-guayas\/","title":{"rendered":"Ministra, Lorena Tapia, entreg\u00f3 Carta de Aprobaci\u00f3n de la Estrategia Provincial de Cambio Clim\u00e1tico de provincia del Guayas"},"content":{"rendered":"<p lang=\"es-EC\" align=\"JUSTIFY\">Con la asistencia y asesor\u00eda del Ministerio del Ambiente, la Prefectura del Guayas present\u00f3 la Estrategia Provincial del Cambio Clim\u00e1tico, con herramientas de an\u00e1lisis de vulnerabilidad ambiental en la zona. Por esta raz\u00f3n, la Ministra de Ambiente, Lorena Tapia, particip\u00f3 hoy de la entrega de la Carta de Aprobaci\u00f3n de la Estrategia en un acto realizado hoy en la Prefectura del Guayas.<\/p>\n<p lang=\"es-EC\" align=\"JUSTIFY\">El prefecto Jimmy Jairala asegur\u00f3 que la mayor vulnerabilidad ambiental total se localiza en la zona de drenajes menores vinculados con la subcuenca de los r\u00edos Babahoyo y parte de Daule. Asimismo, con una alta vulnerabilidad se destaca la microcuenca del r\u00edo Chimbo, Congo y parte de los drenajes menores de la subcuenca del Daule, mientras con baja vulnerabilidad se presentan las microcuencas relacionadas con \u00e1reas naturales de la cordillera Chong\u00f3n Colonche, isla Pun\u00e1, Pie de Monte de la cordillera Occidental, y aquellas localizadas en los m\u00e1rgenes del estuario interior del Golfo de Guayaquil.<\/p>\n<p lang=\"es-EC\" align=\"JUSTIFY\">Con este importante avance en la gesti\u00f3n del cambio clim\u00e1tico iniciar\u00e1 un proceso de trascendencia ambiental, que se espera se siga replicando a escala nacional, asegur\u00f3 la Ministra Lorena Tapia durante su intervenci\u00f3n en el acto de aprobaci\u00f3n de la Estrategia de Cambio Clim\u00e1tico de la Prefectura. La Ministra Tapia recalc\u00f3 que es importante que todas las provincias del Ecuador planteen una estrategia, con el apoyo y respaldo del Ministerio del Ambiente.<\/p>\n<p lang=\"es-EC\" align=\"JUSTIFY\">\u00abEl mundo entero evidencia los efectos del cambio clim\u00e1tico como eventos extremos, aumento del nivel del mar, inundaciones, intensas lluvias, sedimentaci\u00f3n acelerada de cuerpos de agua, sequ\u00edas, incremento de enfermedades transmitidas por vectores, desplazados, p\u00e9rdidas econ\u00f3micas, disminuci\u00f3n de glaciares, cambio en el comportamiento de las especies, entre otros efectos\u201d, recalc\u00f3 la Ministra Tapia. Agreg\u00f3 adem\u00e1s que \u201ctodos los pa\u00edses del mundo debemos responder al cambio clim\u00e1tico con base en el principio de las responsabilidades comunes pero diferenciadas, en concordancia con nuestros niveles de contaminaci\u00f3n y nuestras capacidades. Los mecanismos de mitigaci\u00f3n de emisiones tambi\u00e9n representan una oportunidad para el pa\u00eds y estamos trabajando en ello porque para el Ecuador, a trav\u00e9s del MAE, es una prioridad\u201d.<\/p>\n<p lang=\"es-EC\" align=\"JUSTIFY\"><strong>Gesti\u00f3n del MAE en Cambio Clim\u00e1tico<\/strong><\/p>\n<p lang=\"es-EC\" align=\"JUSTIFY\">Ante la importancia de articular la gesti\u00f3n del cambio clim\u00e1tico a nivel nacional, el Ministerio de Ambiente del Ecuador cre\u00f3 la Subsecretar\u00eda de Cambio Clim\u00e1tico, en donde se atiende al cambio clim\u00e1tico desde un enfoque sist\u00e9mico, integral y transversal a todos los sectores de la econom\u00eda.<\/p>\n<p lang=\"es-EC\" align=\"JUSTIFY\">El Ministerio del Ambiente, a trav\u00e9s de los programas de adaptaci\u00f3n y mitigaci\u00f3n se esfuerza en preservar manglares, marismas, estuarios, costas continentales, islas, cuencas hidrogr\u00e1ficas, p\u00e1ramos, glaciares y hemos dise\u00f1ado acciones para promover procesos de agricultura sostenible, seguridad alimentaria, manejo sostenible de recursos pesqueros, manejo responsable de bosques, bosque seco, bosque de manglar, de suelos; y la reducci\u00f3n de la vulnerabilidad y aumento de resiliencia en poblaciones sensibles. \u201cEn esta din\u00e1mica que implica la gesti\u00f3n del cambio clim\u00e1tico, ha sido necesario el di\u00e1logo permanente con todas las entidades gubernamentales, gobiernos aut\u00f3nomos descentralizados, academia y sociedad civil\u201d, recalc\u00f3.<\/p>\n<p lang=\"es-EC\" align=\"JUSTIFY\">El MAE busca generar conciencia sobre las implicaciones del cambio clim\u00e1tico e impulsar la incorporaci\u00f3n de criterios de cambio clim\u00e1tico en la planificaci\u00f3n territorial, y en consecuencia, afectar las decisiones locales que permitir\u00e1n implementar medidas de adaptaci\u00f3n y mitigaci\u00f3n, para asegurar el desarrollo sostenible de la poblaci\u00f3n.<\/p>\n<p lang=\"es-EC\" align=\"JUSTIFY\"><a href=\"http:\/\/www.ambienteyenergia.gob.ec\/ambiente\/wp-content\/uploads\/2013\/12\/IMG_1427.jpg\"><img loading=\"lazy\" decoding=\"async\" class=\"aligncenter size-full wp-image-17380\" alt=\"Ministra, Lorena Tapia, entreg\u00f3 Carta de Aprobaci\u00f3n de la Estrategia Provincial de Cambio Clim\u00e1tico de provincia del Guayas\" src=\"http:\/\/www.ambienteyenergia.gob.ec\/ambiente\/wp-content\/uploads\/2013\/12\/IMG_1427.jpg\" width=\"650\" height=\"433\" srcset=\"https:\/\/www.ambienteyenergia.gob.ec\/ambiente\/wp-content\/uploads\/sites\/2\/2013\/12\/IMG_1427.jpg 650w, https:\/\/www.ambienteyenergia.gob.ec\/ambiente\/wp-content\/uploads\/sites\/2\/2013\/12\/IMG_1427-300x199.jpg 300w, https:\/\/www.ambienteyenergia.gob.ec\/ambiente\/wp-content\/uploads\/sites\/2\/2013\/12\/IMG_1427-450x300.jpg 450w\" sizes=\"auto, (max-width: 650px) 100vw, 650px\" \/><\/a><\/p>\n","protected":false},"excerpt":{"rendered":"<p class=\"excerpt\">Con la asistencia y asesor\u00eda del Ministerio del Ambiente, la Prefectura del Guayas present\u00f3 la Estrategia Provincial del Cambio Clim\u00e1tico, con herramientas de an\u00e1lisis de vulnerabilidad ambiental en la zona. Por esta raz\u00f3n, la Ministra de Ambiente, Lorena Tapia, particip\u00f3 hoy de la entrega de la Carta de Aprobaci\u00f3n de la Estrategia en un acto realizado hoy en la Prefectura&hellip; <a href=\"https:\/\/www.ambienteyenergia.gob.ec\/ambiente\/ministra-lorena-tapia-entrego-carta-de-aprobacion-de-la-estrategia-provincial-de-cambio-climatico-de-provincia-del-guayas\/\">Read more &rarr;<\/a><\/p>\n","protected":false},"author":13,"featured_media":17386,"comment_status":"open","ping_status":"open","sticky":false,"template":"","format":"standard","meta":{"footnotes":""},"categories":[16,4],"tags":[],"class_list":["post-17376","post","type-post","status-publish","format-standard","has-post-thumbnail","hentry","category-comunicamos","category-noticias","xfolkentry"],"_links":{"self":[{"href":"https:\/\/www.ambienteyenergia.gob.ec\/ambiente\/wp-json\/wp\/v2\/posts\/17376","targetHints":{"allow":["GET"]}}],"collection":[{"href":"https:\/\/www.ambienteyenergia.gob.ec\/ambiente\/wp-json\/wp\/v2\/posts"}],"about":[{"href":"https:\/\/www.ambienteyenergia.gob.ec\/ambiente\/wp-json\/wp\/v2\/types\/post"}],"author":[{"embeddable":true,"href":"https:\/\/www.ambienteyenergia.gob.ec\/ambiente\/wp-json\/wp\/v2\/users\/13"}],"replies":[{"embeddable":true,"href":"https:\/\/www.ambienteyenergia.gob.ec\/ambiente\/wp-json\/wp\/v2\/comments?post=17376"}],"version-history":[{"count":0,"href":"https:\/\/www.ambienteyenergia.gob.ec\/ambiente\/wp-json\/wp\/v2\/posts\/17376\/revisions"}],"wp:featuredmedia":[{"embeddable":true,"href":"https:\/\/www.ambienteyenergia.gob.ec\/ambiente\/wp-json\/wp\/v2\/media\/17386"}],"wp:attachment":[{"href":"https:\/\/www.ambienteyenergia.gob.ec\/ambiente\/wp-json\/wp\/v2\/media?parent=17376"}],"wp:term":[{"taxonomy":"category","embeddable":true,"href":"https:\/\/www.ambienteyenergia.gob.ec\/ambiente\/wp-json\/wp\/v2\/categories?post=17376"},{"taxonomy":"post_tag","embeddable":true,"href":"https:\/\/www.ambienteyenergia.gob.ec\/ambiente\/wp-json\/wp\/v2\/tags?post=17376"}],"curies":[{"name":"wp","href":"https:\/\/api.w.org\/{rel}","templated":true}]}}