{"id":17373,"date":"2013-12-19T15:39:46","date_gmt":"2013-12-19T20:39:46","guid":{"rendered":"http:\/\/www.ambiente.gob.ec\/?p=17373"},"modified":"2013-12-19T18:40:01","modified_gmt":"2013-12-19T23:40:01","slug":"18-m%c2%b3-de-producto-forestal-decomisado-en-el-sector-de-amaruncocha-en-pastaza","status":"publish","type":"post","link":"https:\/\/www.ambienteyenergia.gob.ec\/ambiente\/18-m%c2%b3-de-producto-forestal-decomisado-en-el-sector-de-amaruncocha-en-pastaza\/","title":{"rendered":"18 m\u00b3 de producto forestal decomisado en el sector de Amaruncocha, en Pastaza"},"content":{"rendered":"<p style=\"text-align: justify;\">Tras recibir una denuncia telef\u00f3nica, el pasado 16 de diciembre, en la que se informa sobre la existencia de tala ilegal en la comunidad de Amaruncucha, en el sector de Playas del Pastaza, el Ministerio del Ambiente del Ecuador (MAE) realiz\u00f3 inmediatamente un operativo de control forestal, en el que se retuvo un total de 18 metros c\u00fabicos de madera que corresponde a piezas, burros, tablones y cuartones de las especies chuncho, pechiche, intachi, canelo, caoba, chontacaspi (producto forestal de inter\u00e9s econ\u00f3mico) y doncel.<\/p>\n<p style=\"text-align: justify;\">El 17 de diciembre, esta Cartera de Estado inspeccion\u00f3 la zona, con el fin de verificar si la informaci\u00f3n recibida era real. Para ello, se coordin\u00f3 apoyo con las Fuerzas Armadas Brigada N\u00ba 17 de Pastaza, quienes con un contingente de 10 conscriptos y otros voluntarios, verificaron que la actividad no contaba con los permisos estipulados en la normativa ambiental vigente. Por esa raz\u00f3n, confiscaron el producto forestal\u00a0 y lo trasladaron hasta los patios del control integrado de Mera, ubicado en la misma provincia. Durante la actividad, se procedi\u00f3 a georeferenciar los lugares en donde se\u00a0 encontraba el producto forestal para determinar los puntos espec\u00edficos de afectaci\u00f3n.<\/p>\n<p style=\"text-align: justify;\">Ayer, como parte de la jornada de control, \u00a0se coordin\u00f3 otra inspecci\u00f3n en campo con 12 miembros de la Polic\u00eda Nacional para terminar con el traslado de la madera, pues por la gran cantidad no se pudo realizar el mismo d\u00eda.<\/p>\n<p style=\"text-align: justify;\">El MAE, como principal autoridad ambiental, iniciar\u00e1 con los respectivos procesos administrativos y legales contra los presuntos sospechosos y velar\u00e1 por el cumplimiento de la normativa ambiental vigente.<\/p>\n","protected":false},"excerpt":{"rendered":"<p class=\"excerpt\">Tras recibir una denuncia telef\u00f3nica, el pasado 16 de diciembre, en la que se informa sobre la existencia de tala ilegal en la comunidad de Amaruncucha, en el sector de Playas del Pastaza, el Ministerio del Ambiente del Ecuador (MAE) realiz\u00f3 inmediatamente un operativo de control forestal, en el que se retuvo un total de 18 metros c\u00fabicos de madera&hellip; <a href=\"https:\/\/www.ambienteyenergia.gob.ec\/ambiente\/18-m%c2%b3-de-producto-forestal-decomisado-en-el-sector-de-amaruncocha-en-pastaza\/\">Read more &rarr;<\/a><\/p>\n","protected":false},"author":13,"featured_media":17374,"comment_status":"open","ping_status":"open","sticky":false,"template":"","format":"standard","meta":{"footnotes":""},"categories":[16,4],"tags":[],"class_list":["post-17373","post","type-post","status-publish","format-standard","has-post-thumbnail","hentry","category-comunicamos","category-noticias","xfolkentry"],"_links":{"self":[{"href":"https:\/\/www.ambienteyenergia.gob.ec\/ambiente\/wp-json\/wp\/v2\/posts\/17373","targetHints":{"allow":["GET"]}}],"collection":[{"href":"https:\/\/www.ambienteyenergia.gob.ec\/ambiente\/wp-json\/wp\/v2\/posts"}],"about":[{"href":"https:\/\/www.ambienteyenergia.gob.ec\/ambiente\/wp-json\/wp\/v2\/types\/post"}],"author":[{"embeddable":true,"href":"https:\/\/www.ambienteyenergia.gob.ec\/ambiente\/wp-json\/wp\/v2\/users\/13"}],"replies":[{"embeddable":true,"href":"https:\/\/www.ambienteyenergia.gob.ec\/ambiente\/wp-json\/wp\/v2\/comments?post=17373"}],"version-history":[{"count":0,"href":"https:\/\/www.ambienteyenergia.gob.ec\/ambiente\/wp-json\/wp\/v2\/posts\/17373\/revisions"}],"wp:featuredmedia":[{"embeddable":true,"href":"https:\/\/www.ambienteyenergia.gob.ec\/ambiente\/wp-json\/wp\/v2\/media\/17374"}],"wp:attachment":[{"href":"https:\/\/www.ambienteyenergia.gob.ec\/ambiente\/wp-json\/wp\/v2\/media?parent=17373"}],"wp:term":[{"taxonomy":"category","embeddable":true,"href":"https:\/\/www.ambienteyenergia.gob.ec\/ambiente\/wp-json\/wp\/v2\/categories?post=17373"},{"taxonomy":"post_tag","embeddable":true,"href":"https:\/\/www.ambienteyenergia.gob.ec\/ambiente\/wp-json\/wp\/v2\/tags?post=17373"}],"curies":[{"name":"wp","href":"https:\/\/api.w.org\/{rel}","templated":true}]}}