{"id":17366,"date":"2013-12-19T16:08:58","date_gmt":"2013-12-19T21:08:58","guid":{"rendered":"http:\/\/www.ambiente.gob.ec\/?p=17366"},"modified":"2013-12-19T16:14:02","modified_gmt":"2013-12-19T21:14:02","slug":"mae-presento-resultados-del-proyecto-informacion-de-cambio-climatico-biodiversidad-para-el-fomento-de-politicas-publicas-de-conservacion-y-adaptacion-en-la-region-de-los-andes-tropicales","status":"publish","type":"post","link":"https:\/\/www.ambienteyenergia.gob.ec\/ambiente\/mae-presento-resultados-del-proyecto-informacion-de-cambio-climatico-biodiversidad-para-el-fomento-de-politicas-publicas-de-conservacion-y-adaptacion-en-la-region-de-los-andes-tropicales\/","title":{"rendered":"MAE present\u00f3 resultados del proyecto \u201cInformaci\u00f3n de Cambio Clim\u00e1tico-Biodiversidad para el fomento de pol\u00edticas p\u00fablicas de conservaci\u00f3n y adaptaci\u00f3n en la regi\u00f3n de los Andes Tropicales\u201d"},"content":{"rendered":"<p style=\"text-align: justify;\">El Ministerio del Ambiente (MAE), en coordinaci\u00f3n con el Instituto Nacional de Meteorolog\u00eda e Hidrolog\u00eda (INAMHI) y el Centro Internacional para la Investigaci\u00f3n de El Ni\u00f1o (CIIFEN), ejecuta el proyecto \u201cInformaci\u00f3n de Cambio Clim\u00e1tico-Biodiversidad para el fomento de pol\u00edticas p\u00fablicas de conservaci\u00f3n y adaptaci\u00f3n en la regi\u00f3n de los Andes Tropicales\u201d en Bolivia, Ecuador y Per\u00fa.<\/p>\n<p style=\"text-align: justify;\">Entre los productos del proyecto que fueron presentados el 17 de diciembre, se elaboraron las proyecciones de cambio clim\u00e1tico de alta resoluci\u00f3n (20-60 Km) obtenidas mediante ensamblaje de varios modelos num\u00e9ricos reconocidos a nivel global y la estimaci\u00f3n de la vulnerabilidad de la zona de p\u00e1ramos frente a cambios en el clima y presiones del entorno.<\/p>\n<p style=\"text-align: justify;\">Los resultados del proyecto que se ejecuta CIIFEN tienen relaci\u00f3n directa con los fines de la Direcci\u00f3n Nacional de Adaptaci\u00f3n al Cambio Clim\u00e1tico\u00a0 y \u00a0servir\u00e1n para impulsar desde la Subsecretar\u00eda de Cambio Clim\u00e1tico del MAE, la incorporaci\u00f3n de criterios para la planificaci\u00f3n y toma de decisiones e implementar medidas de adaptaci\u00f3n y mitigaci\u00f3n que aseguren el desarrollo sostenible de nuestra poblaci\u00f3n. Por esta raz\u00f3n, se difundir\u00e1n en la Tercera Comunicaci\u00f3n Nacional de Cambio Clim\u00e1tico, \u00a0para posteriormente formalizarlas en una carta de entendimiento que firmar\u00e1n los m\u00e1ximos representantes del Ministerio del Ambiente (MAE) y del Centro Internacional para la Investigaci\u00f3n del Fen\u00f3meno de El Ni\u00f1o (CIIFEN).<\/p>\n<p style=\"text-align: justify;\"><a href=\"http:\/\/www.ambienteyenergia.gob.ec\/ambiente\/wp-content\/uploads\/2013\/12\/IMG_1843.jpg\"><img loading=\"lazy\" decoding=\"async\" class=\"aligncenter size-full wp-image-17370\" alt=\"IMG_1843\" src=\"http:\/\/www.ambienteyenergia.gob.ec\/ambiente\/wp-content\/uploads\/2013\/12\/IMG_1843.jpg\" width=\"650\" height=\"433\" srcset=\"https:\/\/www.ambienteyenergia.gob.ec\/ambiente\/wp-content\/uploads\/sites\/2\/2013\/12\/IMG_1843.jpg 650w, https:\/\/www.ambienteyenergia.gob.ec\/ambiente\/wp-content\/uploads\/sites\/2\/2013\/12\/IMG_1843-300x199.jpg 300w, https:\/\/www.ambienteyenergia.gob.ec\/ambiente\/wp-content\/uploads\/sites\/2\/2013\/12\/IMG_1843-450x300.jpg 450w\" sizes=\"auto, (max-width: 650px) 100vw, 650px\" \/><\/a><\/p>\n","protected":false},"excerpt":{"rendered":"<p class=\"excerpt\">El Ministerio del Ambiente (MAE), en coordinaci\u00f3n con el Instituto Nacional de Meteorolog\u00eda e Hidrolog\u00eda (INAMHI) y el Centro Internacional para la Investigaci\u00f3n de El Ni\u00f1o (CIIFEN), ejecuta el proyecto \u201cInformaci\u00f3n de Cambio Clim\u00e1tico-Biodiversidad para el fomento de pol\u00edticas p\u00fablicas de conservaci\u00f3n y adaptaci\u00f3n en la regi\u00f3n de los Andes Tropicales\u201d en Bolivia, Ecuador y Per\u00fa. Entre los productos del&hellip; <a href=\"https:\/\/www.ambienteyenergia.gob.ec\/ambiente\/mae-presento-resultados-del-proyecto-informacion-de-cambio-climatico-biodiversidad-para-el-fomento-de-politicas-publicas-de-conservacion-y-adaptacion-en-la-region-de-los-andes-tropicales\/\">Read more &rarr;<\/a><\/p>\n","protected":false},"author":13,"featured_media":17367,"comment_status":"open","ping_status":"open","sticky":false,"template":"","format":"standard","meta":{"footnotes":""},"categories":[16,4],"tags":[],"class_list":["post-17366","post","type-post","status-publish","format-standard","has-post-thumbnail","hentry","category-comunicamos","category-noticias","xfolkentry"],"_links":{"self":[{"href":"https:\/\/www.ambienteyenergia.gob.ec\/ambiente\/wp-json\/wp\/v2\/posts\/17366","targetHints":{"allow":["GET"]}}],"collection":[{"href":"https:\/\/www.ambienteyenergia.gob.ec\/ambiente\/wp-json\/wp\/v2\/posts"}],"about":[{"href":"https:\/\/www.ambienteyenergia.gob.ec\/ambiente\/wp-json\/wp\/v2\/types\/post"}],"author":[{"embeddable":true,"href":"https:\/\/www.ambienteyenergia.gob.ec\/ambiente\/wp-json\/wp\/v2\/users\/13"}],"replies":[{"embeddable":true,"href":"https:\/\/www.ambienteyenergia.gob.ec\/ambiente\/wp-json\/wp\/v2\/comments?post=17366"}],"version-history":[{"count":0,"href":"https:\/\/www.ambienteyenergia.gob.ec\/ambiente\/wp-json\/wp\/v2\/posts\/17366\/revisions"}],"wp:featuredmedia":[{"embeddable":true,"href":"https:\/\/www.ambienteyenergia.gob.ec\/ambiente\/wp-json\/wp\/v2\/media\/17367"}],"wp:attachment":[{"href":"https:\/\/www.ambienteyenergia.gob.ec\/ambiente\/wp-json\/wp\/v2\/media?parent=17366"}],"wp:term":[{"taxonomy":"category","embeddable":true,"href":"https:\/\/www.ambienteyenergia.gob.ec\/ambiente\/wp-json\/wp\/v2\/categories?post=17366"},{"taxonomy":"post_tag","embeddable":true,"href":"https:\/\/www.ambienteyenergia.gob.ec\/ambiente\/wp-json\/wp\/v2\/tags?post=17366"}],"curies":[{"name":"wp","href":"https:\/\/api.w.org\/{rel}","templated":true}]}}