{"id":17353,"date":"2013-12-19T14:36:33","date_gmt":"2013-12-19T19:36:33","guid":{"rendered":"http:\/\/www.ambiente.gob.ec\/?p=17353"},"modified":"2013-12-19T18:29:27","modified_gmt":"2013-12-19T23:29:27","slug":"mae-realizo-minga-de-limpieza-en-refugio-de-vida-silvestre-del-estuario-rio-esmeraldas","status":"publish","type":"post","link":"https:\/\/www.ambienteyenergia.gob.ec\/ambiente\/mae-realizo-minga-de-limpieza-en-refugio-de-vida-silvestre-del-estuario-rio-esmeraldas\/","title":{"rendered":"MAE realiz\u00f3 minga de limpieza en Refugio de Vida Silvestre del Estuario r\u00edo Esmeraldas"},"content":{"rendered":"<p style=\"text-align: justify;\">Con la participaci\u00f3n de 17 estudiantes del Instituto Experimental Luis Vargas Torres y 28 j\u00f3venes de Turismo de la Brigada de Servicio Civil Ciudadano, el Ministerio del Ambiente (MAE), a trav\u00e9s de la Direcci\u00f3n Provincial de Esmeraldas, realiz\u00f3 hoy la minga de limpieza en el Refugio de Vida Silvestre Manglares Estuario del r\u00edo Esmeraldas, en la provincia del mismo nombre.<\/p>\n<p style=\"text-align: justify;\">El Refugio de 248 52 hect\u00e1reas fue declarado como \u00e1rea protegida por el Ministerio del Ambiente, mediante Acuerdo Ministerial No. 096 del 13 de junio de 2008 y publicado en el Registro Oficial No. 385 del 21 de julio de 2008. Pero debido a la cantidad de basura, desechos y escombros se estaba viendo afectado su ecosistema.<\/p>\n<p style=\"text-align: justify;\">En ese sentido, el MAE en coordinaci\u00f3n con estudiantes y guardaparques del Refugio realizaron una jornada de limpieza, en la que recogieron la basura en sacos, para trasladar los desechos al dep\u00f3sito municipal. Como parte de esta iniciativa, la Brigada de Turismo entreg\u00f3 fundas de recolecci\u00f3n a los transportistas, con la finalidad de que aporten a la conservaci\u00f3n de la naturaleza.<\/p>\n<p style=\"text-align: justify;\">Asimismo, miembros de la Polic\u00eda Nacional colaboraron con seguridad, para que los estudiantes ejecuten las actividades de limpieza en zonas m\u00e1s conflictivas como al interior del manglar y en el redondel del viaducto Esmeraldas &#8211; Tachina.<\/p>\n<p style=\"text-align: justify;\">Hace una semana la Directora Provincial del MAE, Narcisa C\u00e1rdenas, convoc\u00f3 a una reuni\u00f3n a las autoridades del Municipio, Consejo Provincial, Refiner\u00eda Estatal, Capitan\u00eda de Puerto, Senagua, Direcci\u00f3n de Intereses Mar\u00edtimos y de Salud, con el objetivo de lograr acuerdos para la conservaci\u00f3n del Refugio de Vida Silvestre.<\/p>\n<p style=\"text-align: justify;\">El MAE como principal autoridad ambiental trabaja en campa\u00f1as de sensibilizaci\u00f3n y cuidado con los moradores de los barrios aleda\u00f1os. \u201cEs un trabajo conjunto en el manejo de los desechos s\u00f3lidos\u201d, precis\u00f3 C\u00e1rdenas.<\/p>\n<p style=\"text-align: justify;\"><a href=\"http:\/\/www.ambienteyenergia.gob.ec\/ambiente\/wp-content\/uploads\/2013\/12\/DSC_4378.jpg\"><img loading=\"lazy\" decoding=\"async\" class=\"aligncenter size-full wp-image-17355\" alt=\"MAE realiz\u00f3 minga de limpieza en Refugio de Vida Silvestre del estuario r\u00edo Esmeraldas\" src=\"http:\/\/www.ambienteyenergia.gob.ec\/ambiente\/wp-content\/uploads\/2013\/12\/DSC_4378.jpg\" width=\"650\" height=\"436\" srcset=\"https:\/\/www.ambienteyenergia.gob.ec\/ambiente\/wp-content\/uploads\/sites\/2\/2013\/12\/DSC_4378.jpg 650w, https:\/\/www.ambienteyenergia.gob.ec\/ambiente\/wp-content\/uploads\/sites\/2\/2013\/12\/DSC_4378-300x201.jpg 300w, https:\/\/www.ambienteyenergia.gob.ec\/ambiente\/wp-content\/uploads\/sites\/2\/2013\/12\/DSC_4378-447x300.jpg 447w\" sizes=\"auto, (max-width: 650px) 100vw, 650px\" \/><\/a><\/p>\n","protected":false},"excerpt":{"rendered":"<p class=\"excerpt\">Con la participaci\u00f3n de 17 estudiantes del Instituto Experimental Luis Vargas Torres y 28 j\u00f3venes de Turismo de la Brigada de Servicio Civil Ciudadano, el Ministerio del Ambiente (MAE), a trav\u00e9s de la Direcci\u00f3n Provincial de Esmeraldas, realiz\u00f3 hoy la minga de limpieza en el Refugio de Vida Silvestre Manglares Estuario del r\u00edo Esmeraldas, en la provincia del mismo nombre.&hellip; <a href=\"https:\/\/www.ambienteyenergia.gob.ec\/ambiente\/mae-realizo-minga-de-limpieza-en-refugio-de-vida-silvestre-del-estuario-rio-esmeraldas\/\">Read more &rarr;<\/a><\/p>\n","protected":false},"author":13,"featured_media":17354,"comment_status":"open","ping_status":"open","sticky":false,"template":"","format":"standard","meta":{"footnotes":""},"categories":[16,4],"tags":[],"class_list":["post-17353","post","type-post","status-publish","format-standard","has-post-thumbnail","hentry","category-comunicamos","category-noticias","xfolkentry"],"_links":{"self":[{"href":"https:\/\/www.ambienteyenergia.gob.ec\/ambiente\/wp-json\/wp\/v2\/posts\/17353","targetHints":{"allow":["GET"]}}],"collection":[{"href":"https:\/\/www.ambienteyenergia.gob.ec\/ambiente\/wp-json\/wp\/v2\/posts"}],"about":[{"href":"https:\/\/www.ambienteyenergia.gob.ec\/ambiente\/wp-json\/wp\/v2\/types\/post"}],"author":[{"embeddable":true,"href":"https:\/\/www.ambienteyenergia.gob.ec\/ambiente\/wp-json\/wp\/v2\/users\/13"}],"replies":[{"embeddable":true,"href":"https:\/\/www.ambienteyenergia.gob.ec\/ambiente\/wp-json\/wp\/v2\/comments?post=17353"}],"version-history":[{"count":0,"href":"https:\/\/www.ambienteyenergia.gob.ec\/ambiente\/wp-json\/wp\/v2\/posts\/17353\/revisions"}],"wp:featuredmedia":[{"embeddable":true,"href":"https:\/\/www.ambienteyenergia.gob.ec\/ambiente\/wp-json\/wp\/v2\/media\/17354"}],"wp:attachment":[{"href":"https:\/\/www.ambienteyenergia.gob.ec\/ambiente\/wp-json\/wp\/v2\/media?parent=17353"}],"wp:term":[{"taxonomy":"category","embeddable":true,"href":"https:\/\/www.ambienteyenergia.gob.ec\/ambiente\/wp-json\/wp\/v2\/categories?post=17353"},{"taxonomy":"post_tag","embeddable":true,"href":"https:\/\/www.ambienteyenergia.gob.ec\/ambiente\/wp-json\/wp\/v2\/tags?post=17353"}],"curies":[{"name":"wp","href":"https:\/\/api.w.org\/{rel}","templated":true}]}}