{"id":17347,"date":"2013-12-19T10:11:06","date_gmt":"2013-12-19T15:11:06","guid":{"rendered":"http:\/\/www.ambiente.gob.ec\/?p=17347"},"modified":"2013-12-19T10:11:06","modified_gmt":"2013-12-19T15:11:06","slug":"ninos-guardianes-del-planeta-de-imbabura-limpiaron-y-sembraron-plantas-en-los-parques-de-sus-parroquias","status":"publish","type":"post","link":"https:\/\/www.ambienteyenergia.gob.ec\/ambiente\/ninos-guardianes-del-planeta-de-imbabura-limpiaron-y-sembraron-plantas-en-los-parques-de-sus-parroquias\/","title":{"rendered":"Ni\u00f1os \u201cGuardianes del Planeta\u201d de Imbabura limpiaron y sembraron plantas en los parques de sus parroquias"},"content":{"rendered":"<p align=\"JUSTIFY\"><span style=\"font-family: Arial, sans-serif;\">Ayer, en los parques de las parroquias de Quiroga, Imantag y San Roque (provincia de Imbabura) se vivi\u00f3 una gran fiesta con los ni\u00f1os de las escuelas que son del Proyecto \u201cGuardianes del Planeta\u201d del Ministerio del Ambiente (MAE), quienes participaron en una minga de limpieza y sembraron plantas ornamentales. En esta actividad colaboraron tambi\u00e9n sus profesores, padres de familia y funcionarios de La Direcci\u00f3n Provincial del Ambiente de Imbabura.<\/span><\/p>\n<p align=\"JUSTIFY\"><span style=\"font-family: Arial, sans-serif;\">Esta jornada inici\u00f3 con la presencia de las principales autoridades cantonales, parroquiales, del Ministerio de Educaci\u00f3n, Polic\u00eda Nacional, y Empresa P\u00fablica de Turismo Cotacachi, entre otras entidades, quienes ratificaron la importancia de fomentar este tipo de programas l\u00fadico-educativos como una forma de cuidar al ambiente.<\/span><\/p>\n<p align=\"JUSTIFY\"><span style=\"font-family: Arial, sans-serif;\">Al final de esta actividad, cada ni\u00f1o recibi\u00f3 un certificado por su participaci\u00f3n y colaboraci\u00f3n. Adem\u00e1s, fueron nombrados padrinos de una planta y de esta manera se comprometieron a cuidarla.<\/span><\/p>\n<p align=\"JUSTIFY\"><span style=\"font-family: Arial, sans-serif;\">De forma simult\u00e1nea, en estos <\/span><span style=\"font-family: Arial, sans-serif;\">centros educativos se est\u00e1 realizando el concurso de pesebres ecol\u00f3gicos, realizados con material reciclado. Ayer, el jurado conformado por miembros de las Instituciones mencionadas hicieron el primer recorrido para calificar los trabajos.\u00a0<\/span><\/p>\n","protected":false},"excerpt":{"rendered":"<p class=\"excerpt\">Ayer, en los parques de las parroquias de Quiroga, Imantag y San Roque (provincia de Imbabura) se vivi\u00f3 una gran fiesta con los ni\u00f1os de las escuelas que son del Proyecto \u201cGuardianes del Planeta\u201d del Ministerio del Ambiente (MAE), quienes participaron en una minga de limpieza y sembraron plantas ornamentales. En esta actividad colaboraron tambi\u00e9n sus profesores, padres de familia&hellip; <a href=\"https:\/\/www.ambienteyenergia.gob.ec\/ambiente\/ninos-guardianes-del-planeta-de-imbabura-limpiaron-y-sembraron-plantas-en-los-parques-de-sus-parroquias\/\">Read more &rarr;<\/a><\/p>\n","protected":false},"author":13,"featured_media":17348,"comment_status":"open","ping_status":"open","sticky":false,"template":"","format":"standard","meta":{"footnotes":""},"categories":[16,4],"tags":[],"class_list":["post-17347","post","type-post","status-publish","format-standard","has-post-thumbnail","hentry","category-comunicamos","category-noticias","xfolkentry"],"_links":{"self":[{"href":"https:\/\/www.ambienteyenergia.gob.ec\/ambiente\/wp-json\/wp\/v2\/posts\/17347","targetHints":{"allow":["GET"]}}],"collection":[{"href":"https:\/\/www.ambienteyenergia.gob.ec\/ambiente\/wp-json\/wp\/v2\/posts"}],"about":[{"href":"https:\/\/www.ambienteyenergia.gob.ec\/ambiente\/wp-json\/wp\/v2\/types\/post"}],"author":[{"embeddable":true,"href":"https:\/\/www.ambienteyenergia.gob.ec\/ambiente\/wp-json\/wp\/v2\/users\/13"}],"replies":[{"embeddable":true,"href":"https:\/\/www.ambienteyenergia.gob.ec\/ambiente\/wp-json\/wp\/v2\/comments?post=17347"}],"version-history":[{"count":0,"href":"https:\/\/www.ambienteyenergia.gob.ec\/ambiente\/wp-json\/wp\/v2\/posts\/17347\/revisions"}],"wp:featuredmedia":[{"embeddable":true,"href":"https:\/\/www.ambienteyenergia.gob.ec\/ambiente\/wp-json\/wp\/v2\/media\/17348"}],"wp:attachment":[{"href":"https:\/\/www.ambienteyenergia.gob.ec\/ambiente\/wp-json\/wp\/v2\/media?parent=17347"}],"wp:term":[{"taxonomy":"category","embeddable":true,"href":"https:\/\/www.ambienteyenergia.gob.ec\/ambiente\/wp-json\/wp\/v2\/categories?post=17347"},{"taxonomy":"post_tag","embeddable":true,"href":"https:\/\/www.ambienteyenergia.gob.ec\/ambiente\/wp-json\/wp\/v2\/tags?post=17347"}],"curies":[{"name":"wp","href":"https:\/\/api.w.org\/{rel}","templated":true}]}}