{"id":17330,"date":"2013-12-18T10:08:53","date_gmt":"2013-12-18T15:08:53","guid":{"rendered":"http:\/\/www.ambiente.gob.ec\/?p=17330"},"modified":"2013-12-19T11:30:02","modified_gmt":"2013-12-19T16:30:02","slug":"mae-y-onu-redd-presentaron-material-informativo-para-comunidades-pueblos-y-nacionalidades-indigenas","status":"publish","type":"post","link":"https:\/\/www.ambienteyenergia.gob.ec\/ambiente\/mae-y-onu-redd-presentaron-material-informativo-para-comunidades-pueblos-y-nacionalidades-indigenas\/","title":{"rendered":"MAE y GIZ presentaron material informativo para comunidades, pueblos y nacionalidades ind\u00edgenas"},"content":{"rendered":"<p style=\"text-align: justify;\">La Subsecretar\u00eda de Cambio Clim\u00e1tico del Ministerio del Ambiente (MAE) y la Cooperaci\u00f3n T\u00e9cnica Alemana (GIZ, por sus siglas en alem\u00e1n), realizaron la presentaci\u00f3n de material informativo para comunidades, pueblos y nacionalidades ind\u00edgenas sobre REDD+ en Ecuador, en Kichwa y Shuar, el lunes 16 de diciembre, en Quito.<\/p>\n<p style=\"text-align: justify;\">Como contribuci\u00f3n al debate pol\u00edtico y cient\u00edfico para la generaci\u00f3n de pol\u00edticas internacionales que aborden el tema de cambio clim\u00e1tico, el pa\u00eds asumi\u00f3 el reto de tomar medidas y acciones para enfrentar este fen\u00f3meno, <b>declarando a la mitigaci\u00f3n y adaptaci\u00f3n al cambio clim\u00e1tico como una <i>pol\u00edtica de Estado<\/i><\/b>.<\/p>\n<p style=\"text-align: justify;\">En este marco, el Ecuador, a trav\u00e9s del Ministerio del Ambiente, lidera el proceso de preparaci\u00f3n para la futura implementaci\u00f3n de actividades enmarcadas en la <i>Reducci\u00f3n de Emisiones por Deforestaci\u00f3n y Degradaci\u00f3n de Bosques, conservaci\u00f3n, gesti\u00f3n forestal sostenible e incremento de reservas de carbono forestal (REDD+)<\/i>, que representa una alternativa costo-efectiva para contribuir a la mitigaci\u00f3n del cambio clim\u00e1tico en el sector forestal.<\/p>\n<p style=\"text-align: justify;\">Los esfuerzos nacionales y avances en el dise\u00f1o del Programa Nacional REDD+, como parte de los elementos definidos bajo la convenci\u00f3n de cambio clim\u00e1tico para la implementaci\u00f3n de actividades REDD+, requieren de una activa participaci\u00f3n de la sociedad civil, especialmente, de los pueblos y nacionalidades ind\u00edgenas, y comunidades locales, quienes son propietarios de estos bosques.<\/p>\n<p style=\"text-align: justify;\">La presentaci\u00f3n de estas cartillas informativas en lenguas nativas, cierra una intensa jornada de trabajo de los equipos del Ministerio del Ambiente, de la GIZ y tambi\u00e9n de un grupo de expertos multidisciplinarios y representantes de las nacionalidades ind\u00edgenas. El material permitir\u00e1 comenzar procesos para fortalecimiento de capacidades a nivel local, con medios adecuados de informaci\u00f3n, que podr\u00e1n mejorarse en el tiempo.<\/p>\n<p style=\"text-align: justify;\">Para finalizar, el Subsecretario de Cambio Clim\u00e1tico, Eduardo Noboa, reconoci\u00f3 el apoyo y trabajo del equipo de la GIZ y dem\u00e1s personas que participaron en la traducci\u00f3n de las cartillas.<\/p>\n<p style=\"text-align: justify;\">\u00a0<a href=\"http:\/\/www.ambienteyenergia.gob.ec\/ambiente\/wp-content\/uploads\/2013\/12\/IMG_1761.jpg\"><img loading=\"lazy\" decoding=\"async\" class=\"aligncenter size-full wp-image-17332\" alt=\"Cambio Clim\u00e1tico\" src=\"http:\/\/www.ambienteyenergia.gob.ec\/ambiente\/wp-content\/uploads\/2013\/12\/IMG_1761.jpg\" width=\"650\" height=\"433\" srcset=\"https:\/\/www.ambienteyenergia.gob.ec\/ambiente\/wp-content\/uploads\/sites\/2\/2013\/12\/IMG_1761.jpg 650w, https:\/\/www.ambienteyenergia.gob.ec\/ambiente\/wp-content\/uploads\/sites\/2\/2013\/12\/IMG_1761-300x199.jpg 300w, https:\/\/www.ambienteyenergia.gob.ec\/ambiente\/wp-content\/uploads\/sites\/2\/2013\/12\/IMG_1761-450x300.jpg 450w\" sizes=\"auto, (max-width: 650px) 100vw, 650px\" \/><\/a><\/p>\n","protected":false},"excerpt":{"rendered":"<p class=\"excerpt\">La Subsecretar\u00eda de Cambio Clim\u00e1tico del Ministerio del Ambiente (MAE) y la Cooperaci\u00f3n T\u00e9cnica Alemana (GIZ, por sus siglas en alem\u00e1n), realizaron la presentaci\u00f3n de material informativo para comunidades, pueblos y nacionalidades ind\u00edgenas sobre REDD+ en Ecuador, en Kichwa y Shuar, el lunes 16 de diciembre, en Quito. Como contribuci\u00f3n al debate pol\u00edtico y cient\u00edfico para la generaci\u00f3n de pol\u00edticas&hellip; <a href=\"https:\/\/www.ambienteyenergia.gob.ec\/ambiente\/mae-y-onu-redd-presentaron-material-informativo-para-comunidades-pueblos-y-nacionalidades-indigenas\/\">Read more &rarr;<\/a><\/p>\n","protected":false},"author":13,"featured_media":17331,"comment_status":"open","ping_status":"open","sticky":false,"template":"","format":"standard","meta":{"footnotes":""},"categories":[16,4],"tags":[],"class_list":["post-17330","post","type-post","status-publish","format-standard","has-post-thumbnail","hentry","category-comunicamos","category-noticias","xfolkentry"],"_links":{"self":[{"href":"https:\/\/www.ambienteyenergia.gob.ec\/ambiente\/wp-json\/wp\/v2\/posts\/17330","targetHints":{"allow":["GET"]}}],"collection":[{"href":"https:\/\/www.ambienteyenergia.gob.ec\/ambiente\/wp-json\/wp\/v2\/posts"}],"about":[{"href":"https:\/\/www.ambienteyenergia.gob.ec\/ambiente\/wp-json\/wp\/v2\/types\/post"}],"author":[{"embeddable":true,"href":"https:\/\/www.ambienteyenergia.gob.ec\/ambiente\/wp-json\/wp\/v2\/users\/13"}],"replies":[{"embeddable":true,"href":"https:\/\/www.ambienteyenergia.gob.ec\/ambiente\/wp-json\/wp\/v2\/comments?post=17330"}],"version-history":[{"count":0,"href":"https:\/\/www.ambienteyenergia.gob.ec\/ambiente\/wp-json\/wp\/v2\/posts\/17330\/revisions"}],"wp:featuredmedia":[{"embeddable":true,"href":"https:\/\/www.ambienteyenergia.gob.ec\/ambiente\/wp-json\/wp\/v2\/media\/17331"}],"wp:attachment":[{"href":"https:\/\/www.ambienteyenergia.gob.ec\/ambiente\/wp-json\/wp\/v2\/media?parent=17330"}],"wp:term":[{"taxonomy":"category","embeddable":true,"href":"https:\/\/www.ambienteyenergia.gob.ec\/ambiente\/wp-json\/wp\/v2\/categories?post=17330"},{"taxonomy":"post_tag","embeddable":true,"href":"https:\/\/www.ambienteyenergia.gob.ec\/ambiente\/wp-json\/wp\/v2\/tags?post=17330"}],"curies":[{"name":"wp","href":"https:\/\/api.w.org\/{rel}","templated":true}]}}