{"id":17324,"date":"2013-12-18T08:46:55","date_gmt":"2013-12-18T13:46:55","guid":{"rendered":"http:\/\/www.ambiente.gob.ec\/?p=17324"},"modified":"2013-12-18T08:53:32","modified_gmt":"2013-12-18T13:53:32","slug":"ministerio-del-ambiente-socializo-los-resultados-de-las-negociaciones-de-la-cop19","status":"publish","type":"post","link":"https:\/\/www.ambienteyenergia.gob.ec\/ambiente\/ministerio-del-ambiente-socializo-los-resultados-de-las-negociaciones-de-la-cop19\/","title":{"rendered":"Ministerio del Ambiente socializ\u00f3 los resultados de las negociaciones de la COP19"},"content":{"rendered":"<p style=\"text-align: justify;\">El pasado 13 de diciembre, funcionarios de la Subsecretar\u00eda de Cambio Clim\u00e1tico del Ministerio del Ambiente (MAE), realizaron la exposici\u00f3n de los resultados de la COP19 en el Sal\u00f3n Verde del Ministerio.<\/p>\n<p style=\"text-align: justify;\">Los temas tratados fueron:<\/p>\n<p style=\"text-align: justify;\"><b>Financiamiento a Largo Plazo y Fondo Verde del Clima:<\/b> el establecimiento de metas y desembolsos para la capitalizaci\u00f3n del Fondo Verde del Clima, as\u00ed como, las aspiraciones para el Financiamiento a Largo Plazo, fueron ausentes en la COP19.<\/p>\n<p style=\"text-align: justify;\"><b>REDD+ (Programa de Reducci\u00f3n de Emisiones de Carbono causadas por la Deforestaci\u00f3n y la Degradaci\u00f3n de los Bosques<\/b><b>): <\/b>se lograron siete decisiones para REDD+, conocido como Warsaw Framework for REDD+, incluye gu\u00edas metodol\u00f3gicas para la verificaci\u00f3n de resultados de reducci\u00f3n de emisiones, arreglos institucionales y acuerdos de financiamiento bajo el Green Climate Found.<\/p>\n<p style=\"text-align: justify;\"><b>ADP (Plataforma de Durban, hacia un acuerdo 2015): <\/b>se convino iniciar la preparaci\u00f3n dom\u00e9stica para determinar contribuciones nacionales (de reducci\u00f3n de emisiones) en el contexto de sentar las bases para el acuerdo 2015.<\/p>\n<p style=\"text-align: justify;\"><b>P\u00e9rdidas y Da\u00f1os: <\/b>se cre\u00f3 el Mecanismo Internacional para tratar las p\u00e9rdidas y da\u00f1os ocasionados por eventos asociados al cambio clim\u00e1tico. Su objetivo ser\u00e1 proporcionar a los pa\u00edses en desarrollo el apoyo t\u00e9cnico para facilitar acciones de asistencia y mejorar la coordinaci\u00f3n entre los diferentes cuerpos de la Convenci\u00f3n.<\/p>\n<p style=\"text-align: justify;\"><b>Tecnolog\u00eda: <\/b>no exisieron decisiones alrededor del rol de los Derechos de Propiedad Intelectual como barreras para el desarrollo y transferencia de tecnolog\u00eda. Se adoptaron las modalidades y procedimientos del Centro de Tecnolog\u00edas para el Clima y Redes, con el fin de promover y facilitar el desarrollo de tecnolog\u00edas para la adaptaci\u00f3n y mitigaci\u00f3n al cambio clim\u00e1tico.<\/p>\n<p style=\"text-align: justify;\"><b>NAMAs (Acciones Nacionales Apropiadas de Mitigaci\u00f3n):<\/b> se cuenta con una gu\u00eda general de MRV (Medici\u00f3n\/Monitoreo, Reporte y Verificaci\u00f3n) para NAMAs dom\u00e9sticas. Se continuar\u00e1 el debate sobre la diversidad de NAMAs.<\/p>\n<p style=\"text-align: justify;\"><b>MDL (Mecanismo de Desarrollo Limpio):<\/b> postergado para la reuni\u00f3n 40 del \u00d3rgano Subsidiario de Implementaci\u00f3n (SBI).<\/p>\n<p style=\"text-align: justify;\">Al finalizar sus intervenciones, los expositores respondieron las preguntas de los asistentes.<\/p>\n<p style=\"text-align: justify;\"><a href=\"http:\/\/www.ambienteyenergia.gob.ec\/ambiente\/wp-content\/uploads\/2013\/12\/MG_0005-copy.jpg\"><img loading=\"lazy\" decoding=\"async\" class=\"aligncenter size-full wp-image-17319\" alt=\"Cambio Clim\u00e1tico\" src=\"http:\/\/www.ambienteyenergia.gob.ec\/ambiente\/wp-content\/uploads\/2013\/12\/MG_0005-copy.jpg\" width=\"650\" height=\"433\" srcset=\"https:\/\/www.ambienteyenergia.gob.ec\/ambiente\/wp-content\/uploads\/sites\/2\/2013\/12\/MG_0005-copy.jpg 650w, https:\/\/www.ambienteyenergia.gob.ec\/ambiente\/wp-content\/uploads\/sites\/2\/2013\/12\/MG_0005-copy-300x199.jpg 300w, https:\/\/www.ambienteyenergia.gob.ec\/ambiente\/wp-content\/uploads\/sites\/2\/2013\/12\/MG_0005-copy-450x300.jpg 450w\" sizes=\"auto, (max-width: 650px) 100vw, 650px\" \/><\/a><\/p>\n<p style=\"text-align: justify;\"><a href=\"http:\/\/www.ambienteyenergia.gob.ec\/ambiente\/wp-content\/uploads\/2013\/12\/MG_0003-copy.jpg\"><img loading=\"lazy\" decoding=\"async\" class=\"aligncenter size-full wp-image-17327\" alt=\"_MG_0003-copy\" src=\"http:\/\/www.ambienteyenergia.gob.ec\/ambiente\/wp-content\/uploads\/2013\/12\/MG_0003-copy.jpg\" width=\"650\" height=\"433\" srcset=\"https:\/\/www.ambienteyenergia.gob.ec\/ambiente\/wp-content\/uploads\/sites\/2\/2013\/12\/MG_0003-copy.jpg 650w, https:\/\/www.ambienteyenergia.gob.ec\/ambiente\/wp-content\/uploads\/sites\/2\/2013\/12\/MG_0003-copy-300x199.jpg 300w, https:\/\/www.ambienteyenergia.gob.ec\/ambiente\/wp-content\/uploads\/sites\/2\/2013\/12\/MG_0003-copy-450x300.jpg 450w\" sizes=\"auto, (max-width: 650px) 100vw, 650px\" \/><\/a><\/p>\n","protected":false},"excerpt":{"rendered":"<p class=\"excerpt\">El pasado 13 de diciembre, funcionarios de la Subsecretar\u00eda de Cambio Clim\u00e1tico del Ministerio del Ambiente (MAE), realizaron la exposici\u00f3n de los resultados de la COP19 en el Sal\u00f3n Verde del Ministerio. Los temas tratados fueron: Financiamiento a Largo Plazo y Fondo Verde del Clima: el establecimiento de metas y desembolsos para la capitalizaci\u00f3n del Fondo Verde del Clima, as\u00ed&hellip; <a href=\"https:\/\/www.ambienteyenergia.gob.ec\/ambiente\/ministerio-del-ambiente-socializo-los-resultados-de-las-negociaciones-de-la-cop19\/\">Read more &rarr;<\/a><\/p>\n","protected":false},"author":13,"featured_media":17318,"comment_status":"open","ping_status":"open","sticky":false,"template":"","format":"standard","meta":{"footnotes":""},"categories":[16,4],"tags":[],"class_list":["post-17324","post","type-post","status-publish","format-standard","has-post-thumbnail","hentry","category-comunicamos","category-noticias","xfolkentry"],"_links":{"self":[{"href":"https:\/\/www.ambienteyenergia.gob.ec\/ambiente\/wp-json\/wp\/v2\/posts\/17324","targetHints":{"allow":["GET"]}}],"collection":[{"href":"https:\/\/www.ambienteyenergia.gob.ec\/ambiente\/wp-json\/wp\/v2\/posts"}],"about":[{"href":"https:\/\/www.ambienteyenergia.gob.ec\/ambiente\/wp-json\/wp\/v2\/types\/post"}],"author":[{"embeddable":true,"href":"https:\/\/www.ambienteyenergia.gob.ec\/ambiente\/wp-json\/wp\/v2\/users\/13"}],"replies":[{"embeddable":true,"href":"https:\/\/www.ambienteyenergia.gob.ec\/ambiente\/wp-json\/wp\/v2\/comments?post=17324"}],"version-history":[{"count":0,"href":"https:\/\/www.ambienteyenergia.gob.ec\/ambiente\/wp-json\/wp\/v2\/posts\/17324\/revisions"}],"wp:featuredmedia":[{"embeddable":true,"href":"https:\/\/www.ambienteyenergia.gob.ec\/ambiente\/wp-json\/wp\/v2\/media\/17318"}],"wp:attachment":[{"href":"https:\/\/www.ambienteyenergia.gob.ec\/ambiente\/wp-json\/wp\/v2\/media?parent=17324"}],"wp:term":[{"taxonomy":"category","embeddable":true,"href":"https:\/\/www.ambienteyenergia.gob.ec\/ambiente\/wp-json\/wp\/v2\/categories?post=17324"},{"taxonomy":"post_tag","embeddable":true,"href":"https:\/\/www.ambienteyenergia.gob.ec\/ambiente\/wp-json\/wp\/v2\/tags?post=17324"}],"curies":[{"name":"wp","href":"https:\/\/api.w.org\/{rel}","templated":true}]}}