{"id":17317,"date":"2013-12-17T16:23:00","date_gmt":"2013-12-17T21:23:00","guid":{"rendered":"http:\/\/www.ambiente.gob.ec\/?p=17317"},"modified":"2013-12-17T22:34:19","modified_gmt":"2013-12-18T03:34:19","slug":"ecuador-pionero-en-programas-de-adaptacion-y-mitigacional-cambio-climatico","status":"publish","type":"post","link":"https:\/\/www.ambienteyenergia.gob.ec\/ambiente\/ecuador-pionero-en-programas-de-adaptacion-y-mitigacional-cambio-climatico\/","title":{"rendered":"Ecuador, pionero en programas de Adaptaci\u00f3n y Mitigaci\u00f3n al Cambio Clim\u00e1tico"},"content":{"rendered":"<p style=\"text-align: justify;\">El gobierno del Ecuador, por primera vez en la historia del pa\u00eds, prioriza\u00a0\u00a0la gesti\u00f3n del cambio clim\u00e1tico y fortalece su institucionalidad y marco legal. Desde que en el 2009, el Presidente de la Rep\u00fablica, Rafael Correa, declar\u00f3 como pol\u00edtica de Estado a este fen\u00f3meno.<\/p>\n<p style=\"text-align: justify;\">Por esta raz\u00f3n, el Ministerio del Ambiente (MAE) impulsa procesos de mitigaci\u00f3n y adaptaci\u00f3n, que promuevan el cambio de matriz energ\u00e9tica y productiva del pa\u00eds y fomenten el desarrollo sostenible. Asimismo,\u00a0trabaja en pol\u00edticas, planes y estrategias para promover la conservaci\u00f3n de los recursos y el cambio de actitud de la poblaci\u00f3n.<\/p>\n<p style=\"text-align: justify;\">As\u00ed lo se\u00f1al\u00f3, el pasado\u00a014 de diciembre, Eduardo Noboa, Subsecretario de Cambio Clim\u00e1tico del MAE, comparti\u00f3 junto a otros invitados un espacio de debate en el programa Controversia de Radio Quito, en el que se analizaron los grandes desaf\u00edos del Ecuador frente al fen\u00f3meno del cambio clim\u00e1tico.<\/p>\n<p style=\"text-align: justify;\">Noboa explic\u00f3 los avances del Gobierno Nacional en cuanto a lo que se refiere a cambio clim\u00e1tico y expuso el marco regulatorio que establece a la mitigaci\u00f3n y adaptaci\u00f3n al cambio clim\u00e1tico, como una pol\u00edtica de estado. Adem\u00e1s, asegur\u00f3 que el cambio clim\u00e1tico es un \u201ctema transversal\u201d, que afecta a todos los sectores (energ\u00eda, agricultura, agua, riesgos, entre otros).\u00a0 Es por esto que existe un Comit\u00e9 Interinstitucional de Cambio Clim\u00e1tico (CICC), ente presidido por esta Cartera de Estado, en donde se transversalizan las pol\u00edticas de cambio clim\u00e1tico.<\/p>\n<p style=\"text-align: justify;\">Sobre ese tema, manifest\u00f3 el avance en los\u00a0<b>programas de adaptaci\u00f3n al cambio clim\u00e1tico<\/b>\u00a0en las zonas rurales con recuperaci\u00f3n de tecnolog\u00edas end\u00f3genas para el manejo del agua, el fortalecimiento de la seguridad alimentaria y de las capacidades de las poblaciones m\u00e1s vulnerables, a trav\u00e9s de informaci\u00f3n a las poblaciones afectadas en las que se encuentran alrededor de 2 millones de personas.<\/p>\n<p style=\"text-align: justify;\">El aporte del Ecuador en emisi\u00f3n de Gases de Efecto Invernadero (GEI) es de alrededor del 0,08% con relaci\u00f3n al mundo, e indica que\u00a0 la prioridad no es la mitigaci\u00f3n sino la adaptaci\u00f3n. Sin embargo, asegur\u00f3 que el pa\u00eds trabaja en el cambio de matriz energ\u00e9tica con la construcci\u00f3n de hidroel\u00e9ctricas de flujo continuo que no tienen represa, no generan metano y reducen emisiones de CO2 por sustituci\u00f3n de tecnolog\u00edas.<\/p>\n<p style=\"text-align: justify;\">De igual manera, el MAE\u00a0 prioriza el trabajo con temas h\u00eddricos, al ser el agua la columna vertebral en la\u00a0<b>adaptaci\u00f3n al cambio clim\u00e1tico<\/b>.\u00a0 \u201cEl agua genera energ\u00eda, ayuda en los procesos productivos de agricultura asegurando la alimentaci\u00f3n, el consumo y conservaci\u00f3n de ecosistemas (relacionados \u00edntimamente al agua)\u201d, afirm\u00f3 Noboa.<\/p>\n<p style=\"text-align: justify;\">Para ello, se est\u00e1n determinando las cuencas hidrogr\u00e1ficas m\u00e1s importantes del Ecuador, con el fin de trabajar en zonas vulnerables con la\u00a0 aplicaci\u00f3n de planes y medidas de adaptaci\u00f3n, a trav\u00e9s del fortalecimiento de capacidades de las comunidades, con procesos de informaci\u00f3n tendientes a mejorar sus sistemas agro-productivos y lograr un manejo eficiente del recurso h\u00eddrico.<\/p>\n<p style=\"text-align: justify;\"><b>Resultados COP19<\/b><\/p>\n<p style=\"text-align: justify;\">Finalmente, el Titular de la Subsecretar\u00eda de Cambio Clim\u00e1tico, explic\u00f3 los resultados obtenidos en la Conferencia de las Partes de Cambio Clim\u00e1tico, que se realiz\u00f3 en Varsovia, Polonia, y en la que el MAE particip\u00f3 activamente.<\/p>\n<p style=\"text-align: justify;\">En este espacio geopol\u00edtico de negociaci\u00f3n ambiental, se obtuvieron resultados positivos como los arreglos institucionales para desarrollar un mecanismo de reducci\u00f3n de emisiones por deforestaci\u00f3n y degradaci\u00f3n forestal, el mecanismo REDD. \u201cAhora se formalizan mecanismos de compensaci\u00f3n lo cual es muy importante para el Ecuador porque en el\u00a0<b>MAE tenemos muy avanzada<\/b>\u00a0la preparaci\u00f3n del<b>mecanismo REDD\u201d<\/b>, afirm\u00f3 Noboa.<\/p>\n<p style=\"text-align: justify;\">Otro punto que se trat\u00f3 fue la creaci\u00f3n de un mecanismo de p\u00e9rdidas y da\u00f1os (efectos de los eventos clim\u00e1ticos extremos), que permitir\u00e1 la coordinaci\u00f3n entre entidades para viabilizar recursos que solventen estos problemas. Sin embargo, indic\u00f3 que a\u00fan no est\u00e1 claro de d\u00f3nde vendr\u00e1n los fondos de financiamiento.\u00a0 \u201cEn 2020 se movilizar\u00e1n\u00a0<b>100 mil millones de d\u00f3lares al a\u00f1o\u00a0<\/b>para que los pa\u00edses en desarrollo puedan fortalecer sus capacidades y para procesos de transferencia y desarrollo de tecnolog\u00eda\u201d.<\/p>\n<p style=\"text-align: justify;\">\u201cLos a\u00f1os 2014 y 2015 ser\u00e1n a\u00f1os claves del cambio clim\u00e1tico en cuanto a un acuerdo global.\u00a0 Al final debemos entender que en \u00e9stos espacios no se est\u00e1 negociando cambio clim\u00e1tico, se negocia el cambio de un modelo mundial de desarrollo en el cual debemos reducir la dependencia de los hidrocarburos.\u00a0 Comenzar a adaptarnos a los cambios, a transferir tecnolog\u00edas y movilizar recursos para otros rubros\u201d, asever\u00f3 Noboa.<\/p>\n<p style=\"text-align: justify;\">\n","protected":false},"excerpt":{"rendered":"<p class=\"excerpt\">El gobierno del Ecuador, por primera vez en la historia del pa\u00eds, prioriza\u00a0\u00a0la gesti\u00f3n del cambio clim\u00e1tico y fortalece su institucionalidad y marco legal. Desde que en el 2009, el Presidente de la Rep\u00fablica, Rafael Correa, declar\u00f3 como pol\u00edtica de Estado a este fen\u00f3meno. Por esta raz\u00f3n, el Ministerio del Ambiente (MAE) impulsa procesos de mitigaci\u00f3n y adaptaci\u00f3n, que promuevan&hellip; <a href=\"https:\/\/www.ambienteyenergia.gob.ec\/ambiente\/ecuador-pionero-en-programas-de-adaptacion-y-mitigacional-cambio-climatico\/\">Read more &rarr;<\/a><\/p>\n","protected":false},"author":13,"featured_media":17323,"comment_status":"open","ping_status":"open","sticky":false,"template":"","format":"standard","meta":{"footnotes":""},"categories":[16,4],"tags":[],"class_list":["post-17317","post","type-post","status-publish","format-standard","has-post-thumbnail","hentry","category-comunicamos","category-noticias","xfolkentry"],"_links":{"self":[{"href":"https:\/\/www.ambienteyenergia.gob.ec\/ambiente\/wp-json\/wp\/v2\/posts\/17317","targetHints":{"allow":["GET"]}}],"collection":[{"href":"https:\/\/www.ambienteyenergia.gob.ec\/ambiente\/wp-json\/wp\/v2\/posts"}],"about":[{"href":"https:\/\/www.ambienteyenergia.gob.ec\/ambiente\/wp-json\/wp\/v2\/types\/post"}],"author":[{"embeddable":true,"href":"https:\/\/www.ambienteyenergia.gob.ec\/ambiente\/wp-json\/wp\/v2\/users\/13"}],"replies":[{"embeddable":true,"href":"https:\/\/www.ambienteyenergia.gob.ec\/ambiente\/wp-json\/wp\/v2\/comments?post=17317"}],"version-history":[{"count":0,"href":"https:\/\/www.ambienteyenergia.gob.ec\/ambiente\/wp-json\/wp\/v2\/posts\/17317\/revisions"}],"wp:featuredmedia":[{"embeddable":true,"href":"https:\/\/www.ambienteyenergia.gob.ec\/ambiente\/wp-json\/wp\/v2\/media\/17323"}],"wp:attachment":[{"href":"https:\/\/www.ambienteyenergia.gob.ec\/ambiente\/wp-json\/wp\/v2\/media?parent=17317"}],"wp:term":[{"taxonomy":"category","embeddable":true,"href":"https:\/\/www.ambienteyenergia.gob.ec\/ambiente\/wp-json\/wp\/v2\/categories?post=17317"},{"taxonomy":"post_tag","embeddable":true,"href":"https:\/\/www.ambienteyenergia.gob.ec\/ambiente\/wp-json\/wp\/v2\/tags?post=17317"}],"curies":[{"name":"wp","href":"https:\/\/api.w.org\/{rel}","templated":true}]}}