{"id":17306,"date":"2013-12-16T20:14:11","date_gmt":"2013-12-17T01:14:11","guid":{"rendered":"http:\/\/www.ambiente.gob.ec\/?p=17306"},"modified":"2013-12-17T14:42:43","modified_gmt":"2013-12-17T19:42:43","slug":"mae-rescato-a-oso-perezoso-capturado-en-esmeraldas","status":"publish","type":"post","link":"https:\/\/www.ambienteyenergia.gob.ec\/ambiente\/mae-rescato-a-oso-perezoso-capturado-en-esmeraldas\/","title":{"rendered":"MAE  rescat\u00f3 a oso perezoso capturado en Esmeraldas"},"content":{"rendered":"<p style=\"text-align: justify;\">Luego de que esta Cartera de Estado recibiera ayer una denuncia a trav\u00e9s de redes sociales sobre la captura y supuesto maltrato en contra de un oso perezoso\u00a0 en v\u00eda Mompiche -Muise, en Esmeraldas, el Ministerio del Ambiente actu\u00f3 de inmediato. Tras la denuncia, se iniciaron las investigaciones pertinentes hasta que al final de la tarde se rescat\u00f3 al esp\u00e9cimen de vida silvestre. La\u00a0 Directora Provincial de Esmeraldas, Narcisa C\u00e1rdenas y un equipo de t\u00e9cnicos de patrimonio natural\u00a0\u00a0 tomaron medidas inmediatas con la Polic\u00eda Nacional y Fiscal\u00eda\u00a0 Provincial\u00a0 para\u00a0 hacer respetar los derechos de la naturaleza y sancionar a los presuntos responsables del maltrato y retenci\u00f3n del animal.<\/p>\n<p style=\"text-align: justify;\">Tras investigaciones conjuntas\u00a0 se logr\u00f3 identificar a la cooperativa de transporte y a su gerente, quien a su vez\u00a0 entreg\u00f3 toda la informaci\u00f3n para proceder con el rescate. \u00a0T\u00e9cnicos especialistas en patrimonio natural realizaron la revisi\u00f3n f\u00edsica del oso, con el fin de\u00a0 verificar que se encuentra en perfecto estado de salud.\u00a0 El MAE Esmeraldas iniciar\u00e1 los procesos administrativos seg\u00fan\u00a0 normativa vigente. La Directora Provincial de Esmeraldas inform\u00f3\u00a0 que el oso ser\u00e1 trasladado\u00a0 al\u00a0 Bosque protector La Perla, ya que cuenta con las condiciones adecuadas para su reinserci\u00f3n.<\/p>\n<p style=\"text-align: justify;\">Durante el rescate, personal del Ministerio del Ambiente inform\u00f3 a la ciudadan\u00eda de la zona sobre la importancia de cuidar y proteger las especies<br \/>\nya que son parte de la naturaleza que todos debemos cuidar. Asimismo, se preparar\u00e1n talleres de se sensibilizaci\u00f3n, concienciaci\u00f3n y capacitaci\u00f3n a escuelas, colegios, instituciones y establecimientos tur\u00edsticos, sobre la importancia de estas y otras especies.<\/p>\n<p style=\"text-align: justify;\">Agradecemos a la ciudadan\u00eda por su activa participaci\u00f3n en el cuidado de nuestra fauna. Recordamos que cuidar el ambiente es tarea de todos. Las l\u00edneas de denuncias est\u00e1n abiertas en el 1 800\u00a0 Ambiente, a trav\u00e9s de nuestras redes sociales y a trav\u00e9s de nuestro portal de denuncias MAE transparente. htttp:\/\/mesadeayuda.ambiente.gob.ec\/<\/p>\n<div id='gallery-1' class='gallery galleryid-17306 gallery-columns-3 gallery-size-thumbnail'><dl class='gallery-item'>\n\t\t\t<dt class='gallery-icon landscape'>\n\t\t\t\t<a href='https:\/\/www.ambienteyenergia.gob.ec\/ambiente\/mae-rescato-a-oso-perezoso-capturado-en-esmeraldas\/20131216_160647-2\/'><img loading=\"lazy\" decoding=\"async\" width=\"150\" height=\"150\" src=\"https:\/\/www.ambienteyenergia.gob.ec\/ambiente\/wp-content\/uploads\/sites\/2\/2013\/12\/20131216_1606471-150x150.jpg\" class=\"attachment-thumbnail size-thumbnail\" alt=\"\" \/><\/a>\n\t\t\t<\/dt><\/dl><dl class='gallery-item'>\n\t\t\t<dt class='gallery-icon landscape'>\n\t\t\t\t<a href='https:\/\/www.ambienteyenergia.gob.ec\/ambiente\/mae-rescato-a-oso-perezoso-capturado-en-esmeraldas\/20131216_160703\/'><img loading=\"lazy\" decoding=\"async\" width=\"150\" height=\"150\" src=\"https:\/\/www.ambienteyenergia.gob.ec\/ambiente\/wp-content\/uploads\/sites\/2\/2013\/12\/20131216_160703-150x150.jpg\" class=\"attachment-thumbnail size-thumbnail\" alt=\"\" \/><\/a>\n\t\t\t<\/dt><\/dl><dl class='gallery-item'>\n\t\t\t<dt class='gallery-icon landscape'>\n\t\t\t\t<a href='https:\/\/www.ambienteyenergia.gob.ec\/ambiente\/mae-rescato-a-oso-perezoso-capturado-en-esmeraldas\/20131216_161114\/'><img loading=\"lazy\" decoding=\"async\" width=\"150\" height=\"150\" src=\"https:\/\/www.ambienteyenergia.gob.ec\/ambiente\/wp-content\/uploads\/sites\/2\/2013\/12\/20131216_161114-150x150.jpg\" class=\"attachment-thumbnail size-thumbnail\" alt=\"\" \/><\/a>\n\t\t\t<\/dt><\/dl><br style=\"clear: both\" \/><dl class='gallery-item'>\n\t\t\t<dt class='gallery-icon landscape'>\n\t\t\t\t<a href='https:\/\/www.ambienteyenergia.gob.ec\/ambiente\/mae-rescato-a-oso-perezoso-capturado-en-esmeraldas\/20131216_161640\/'><img loading=\"lazy\" decoding=\"async\" width=\"150\" height=\"150\" src=\"https:\/\/www.ambienteyenergia.gob.ec\/ambiente\/wp-content\/uploads\/sites\/2\/2013\/12\/20131216_161640-150x150.jpg\" class=\"attachment-thumbnail size-thumbnail\" alt=\"\" \/><\/a>\n\t\t\t<\/dt><\/dl>\n\t\t\t<br style='clear: both' \/>\n\t\t<\/div>\n\n","protected":false},"excerpt":{"rendered":"<p class=\"excerpt\">Luego de que esta Cartera de Estado recibiera ayer una denuncia a trav\u00e9s de redes sociales sobre la captura y supuesto maltrato en contra de un oso perezoso\u00a0 en v\u00eda Mompiche -Muise, en Esmeraldas, el Ministerio del Ambiente actu\u00f3 de inmediato. Tras la denuncia, se iniciaron las investigaciones pertinentes hasta que al final de la tarde se rescat\u00f3 al esp\u00e9cimen&hellip; <a href=\"https:\/\/www.ambienteyenergia.gob.ec\/ambiente\/mae-rescato-a-oso-perezoso-capturado-en-esmeraldas\/\">Read more &rarr;<\/a><\/p>\n","protected":false},"author":13,"featured_media":17307,"comment_status":"open","ping_status":"open","sticky":false,"template":"","format":"standard","meta":{"footnotes":""},"categories":[16,4],"tags":[],"class_list":["post-17306","post","type-post","status-publish","format-standard","has-post-thumbnail","hentry","category-comunicamos","category-noticias","xfolkentry"],"_links":{"self":[{"href":"https:\/\/www.ambienteyenergia.gob.ec\/ambiente\/wp-json\/wp\/v2\/posts\/17306","targetHints":{"allow":["GET"]}}],"collection":[{"href":"https:\/\/www.ambienteyenergia.gob.ec\/ambiente\/wp-json\/wp\/v2\/posts"}],"about":[{"href":"https:\/\/www.ambienteyenergia.gob.ec\/ambiente\/wp-json\/wp\/v2\/types\/post"}],"author":[{"embeddable":true,"href":"https:\/\/www.ambienteyenergia.gob.ec\/ambiente\/wp-json\/wp\/v2\/users\/13"}],"replies":[{"embeddable":true,"href":"https:\/\/www.ambienteyenergia.gob.ec\/ambiente\/wp-json\/wp\/v2\/comments?post=17306"}],"version-history":[{"count":0,"href":"https:\/\/www.ambienteyenergia.gob.ec\/ambiente\/wp-json\/wp\/v2\/posts\/17306\/revisions"}],"wp:featuredmedia":[{"embeddable":true,"href":"https:\/\/www.ambienteyenergia.gob.ec\/ambiente\/wp-json\/wp\/v2\/media\/17307"}],"wp:attachment":[{"href":"https:\/\/www.ambienteyenergia.gob.ec\/ambiente\/wp-json\/wp\/v2\/media?parent=17306"}],"wp:term":[{"taxonomy":"category","embeddable":true,"href":"https:\/\/www.ambienteyenergia.gob.ec\/ambiente\/wp-json\/wp\/v2\/categories?post=17306"},{"taxonomy":"post_tag","embeddable":true,"href":"https:\/\/www.ambienteyenergia.gob.ec\/ambiente\/wp-json\/wp\/v2\/tags?post=17306"}],"curies":[{"name":"wp","href":"https:\/\/api.w.org\/{rel}","templated":true}]}}