{"id":17302,"date":"2013-12-16T13:22:51","date_gmt":"2013-12-16T18:22:51","guid":{"rendered":"http:\/\/www.ambiente.gob.ec\/?p=17302"},"modified":"2013-12-16T13:23:27","modified_gmt":"2013-12-16T18:23:27","slug":"ii-edicion-del-concurso-intercolegial-sobre-prevencion-reciclaje-reutilizacion-y-disposicion-de-basura-marina","status":"publish","type":"post","link":"https:\/\/www.ambienteyenergia.gob.ec\/ambiente\/ii-edicion-del-concurso-intercolegial-sobre-prevencion-reciclaje-reutilizacion-y-disposicion-de-basura-marina\/","title":{"rendered":"II Edici\u00f3n del Concurso Intercolegial sobre Prevenci\u00f3n, Reciclaje, Reutilizaci\u00f3n y Disposici\u00f3n de Basura Marina"},"content":{"rendered":"<p style=\"text-align: justify;\">Estudiantes de los centros educativos de Esmeraldas, Guayas, Santa Elena, Manab\u00ed y Gal\u00e1pagos, expusieron el pasado 13 de diciembre, en Manta, Manab\u00ed, los mejores proyectos de sus localidades en beneficio de las zonas costeras donde habitan, esto en el marco de la Segunda Edici\u00f3n del Concurso intercolegial sobre prevenci\u00f3n, reciclaje, reutilizaci\u00f3n y disposici\u00f3n de basura marina.<\/p>\n<p style=\"text-align: justify;\">El concurso nacional fue organizado por el Ministerio del Ambiente (MAE), en coordinaci\u00f3n con la Secretar\u00eda T\u00e9cnica del Mar, Direcci\u00f3n General de Intereses Mar\u00edtimos, Ministerio de Educaci\u00f3n y Ministerio de Agricultura, Ganader\u00eda, Acuacultura y Pesca. El objetivo fue crear conciencia en los estudiantes de las unidades educativas sobre la problem\u00e1tica de la basura marina y los mecanismos de reutilizaci\u00f3n de la misma, buscando soluciones pr\u00e1cticas y amigables con el ambiente.<\/p>\n<p style=\"text-align: justify;\">Los planteles participantes fueron la Unidad Educativa Santa Elena, de la provincia de Santa Elena; Latinoamericano, de El Oro; colegio Americano, Guayas; Unidad Educativa Fiscal Manta, Manab\u00ed; colegio Adventista Miguel de Unamuno, Esmeraldas; y Unidad Educativa Fiscomisional Pedro Pablo Andrade de Gal\u00e1pagos.<\/p>\n<p style=\"text-align: justify;\">Los alumnos de los seis colegios ganadores pertenecientes a cinco provincias de la Costa y Gal\u00e1pagos, demostraron aplicabilidad, factibilidad, involucramiento, efecto positivo del proyecto en la comunidad y originalidad en la sustentaci\u00f3n de sus propuestas.<\/p>\n<p style=\"text-align: justify;\">El proyecto reciclaje, elaboraci\u00f3n y producci\u00f3n de insecticidas a base de colillas de cigarrillo, para disminuir la contaminaci\u00f3n en la playa de Las Palmas en la ciudad de Esmeraldas en el a\u00f1o 2013- 2014, elaborado por los estudiantes de Primero de Bachillerato General Unificado del colegio Adventista Miguel de Unamuno de Esmeraldas, fue el ganador.<\/p>\n<p style=\"text-align: justify;\">Cada uno de los colegios participantes recibi\u00f3 de parte del Parque Nacional Machalilla, un paseo por isla de La Plata para seis personas. Asimismo la Secretar\u00eda T\u00e9cnica del Mar les obsequi\u00f3 una tablet para cada grupo. Por su parte, los ganadores obtuvieron un tour por Gal\u00e1pagos para dos personas proporcionado por la Direcci\u00f3n del Parque Nacional Gal\u00e1pagos (DPNG).<\/p>\n<p style=\"text-align: justify;\">En agosto de 2014, los representantes del centro educativo Unamuno viajar\u00e1n a Colombia para participar en el evento regional sobre la misma tem\u00e1tica.<\/p>\n<p style=\"text-align: justify;\">\n","protected":false},"excerpt":{"rendered":"<p class=\"excerpt\">Estudiantes de los centros educativos de Esmeraldas, Guayas, Santa Elena, Manab\u00ed y Gal\u00e1pagos, expusieron el pasado 13 de diciembre, en Manta, Manab\u00ed, los mejores proyectos de sus localidades en beneficio de las zonas costeras donde habitan, esto en el marco de la Segunda Edici\u00f3n del Concurso intercolegial sobre prevenci\u00f3n, reciclaje, reutilizaci\u00f3n y disposici\u00f3n de basura marina. El concurso nacional fue&hellip; <a href=\"https:\/\/www.ambienteyenergia.gob.ec\/ambiente\/ii-edicion-del-concurso-intercolegial-sobre-prevencion-reciclaje-reutilizacion-y-disposicion-de-basura-marina\/\">Read more &rarr;<\/a><\/p>\n","protected":false},"author":13,"featured_media":17304,"comment_status":"open","ping_status":"open","sticky":false,"template":"","format":"standard","meta":{"footnotes":""},"categories":[16,4],"tags":[393,68,107,53,54],"class_list":["post-17302","post","type-post","status-publish","format-standard","has-post-thumbnail","hentry","category-comunicamos","category-noticias","tag-basura-marina","tag-guayaquil","tag-guayaquil-ecologico","tag-mae","tag-ministerio-del-ambiente","xfolkentry"],"_links":{"self":[{"href":"https:\/\/www.ambienteyenergia.gob.ec\/ambiente\/wp-json\/wp\/v2\/posts\/17302","targetHints":{"allow":["GET"]}}],"collection":[{"href":"https:\/\/www.ambienteyenergia.gob.ec\/ambiente\/wp-json\/wp\/v2\/posts"}],"about":[{"href":"https:\/\/www.ambienteyenergia.gob.ec\/ambiente\/wp-json\/wp\/v2\/types\/post"}],"author":[{"embeddable":true,"href":"https:\/\/www.ambienteyenergia.gob.ec\/ambiente\/wp-json\/wp\/v2\/users\/13"}],"replies":[{"embeddable":true,"href":"https:\/\/www.ambienteyenergia.gob.ec\/ambiente\/wp-json\/wp\/v2\/comments?post=17302"}],"version-history":[{"count":0,"href":"https:\/\/www.ambienteyenergia.gob.ec\/ambiente\/wp-json\/wp\/v2\/posts\/17302\/revisions"}],"wp:featuredmedia":[{"embeddable":true,"href":"https:\/\/www.ambienteyenergia.gob.ec\/ambiente\/wp-json\/wp\/v2\/media\/17304"}],"wp:attachment":[{"href":"https:\/\/www.ambienteyenergia.gob.ec\/ambiente\/wp-json\/wp\/v2\/media?parent=17302"}],"wp:term":[{"taxonomy":"category","embeddable":true,"href":"https:\/\/www.ambienteyenergia.gob.ec\/ambiente\/wp-json\/wp\/v2\/categories?post=17302"},{"taxonomy":"post_tag","embeddable":true,"href":"https:\/\/www.ambienteyenergia.gob.ec\/ambiente\/wp-json\/wp\/v2\/tags?post=17302"}],"curies":[{"name":"wp","href":"https:\/\/api.w.org\/{rel}","templated":true}]}}