{"id":17295,"date":"2013-12-16T12:40:06","date_gmt":"2013-12-16T17:40:06","guid":{"rendered":"http:\/\/www.ambiente.gob.ec\/?p=17295"},"modified":"2013-12-16T12:40:06","modified_gmt":"2013-12-16T17:40:06","slug":"mae-participo-en-la-i-feria-ciudadana-ecologica-de-navidad-en-chimborazo","status":"publish","type":"post","link":"https:\/\/www.ambienteyenergia.gob.ec\/ambiente\/mae-participo-en-la-i-feria-ciudadana-ecologica-de-navidad-en-chimborazo\/","title":{"rendered":"MAE particip\u00f3 en la I Feria Ciudadana Ecol\u00f3gica de Navidad, en Chimborazo"},"content":{"rendered":"<p style=\"text-align: justify;\">El Ministerio del Ambiente (MAE), a trav\u00e9s de la Direcci\u00f3n Provincial de Chimborazo, particip\u00f3 en la I Feria Ciudadana Ecol\u00f3gica de Navidad, organizada por la Red de Finanzas Populares de Chimborazo (REFIPCH) y la Asociaci\u00f3n de Artesanos de la provincia, el pasado 13 de diciembre. En el evento se promocionaron art\u00edculos y adornos navide\u00f1os realizados con material reciclado.<\/p>\n<p style=\"text-align: justify;\">Por su parte, la Direcci\u00f3n Provincial del Ambiente de Chimborazo, con el apoyo de los voluntarios del proyecto Servicio Civil Ciudadano, elabor\u00f3 un pesebre con botellas pl\u00e1sticas y tapas de dichos envases, con el objetivo de impulsar el uso de objetos reciclados, para la confecci\u00f3n de los nacimientos.<\/p>\n<p style=\"text-align: justify;\">Asimismo, present\u00f3 la obra de teatro \u201cNavidad en Paz con el Planeta\u201d, con un mensaje de conservaci\u00f3n, protecci\u00f3n e importancia de los musgos. A trav\u00e9s de esta actividad l\u00fadica dirigida a los m\u00e1s peque\u00f1os, se busc\u00f3 concienciar a la poblaci\u00f3n sobre la importancia de este recurso en los ecosistemas.<\/p>\n<p style=\"text-align: justify;\">De igual manera, el Proyecto Guardianes del Planeta que promueve esta Cartera de Estado tambi\u00e9n tuvo su espacio con la proyecci\u00f3n de videos y difusi\u00f3n de melod\u00edas, las mismas que coreadas por los ni\u00f1os dieron el toque de alegr\u00eda a la jornada de educaci\u00f3n ambiental. Tem\u00e1ticas relacionada a las buenas pr\u00e1cticas ambientales y el respeto a la naturaleza fueron el t\u00f3pico manejado por quienes dirigieron a los infantes.<\/p>\n<p style=\"text-align: justify;\">Esta feria cont\u00f3 con la participaci\u00f3n de ni\u00f1os de diversos establecimientos educativos de la ciudad de Riobamba, as\u00ed como los diferentes gremios de artesanos, quienes elaboraron pesebres, objetos navide\u00f1os y adornos con materiales reciclados.<\/p>\n","protected":false},"excerpt":{"rendered":"<p class=\"excerpt\">El Ministerio del Ambiente (MAE), a trav\u00e9s de la Direcci\u00f3n Provincial de Chimborazo, particip\u00f3 en la I Feria Ciudadana Ecol\u00f3gica de Navidad, organizada por la Red de Finanzas Populares de Chimborazo (REFIPCH) y la Asociaci\u00f3n de Artesanos de la provincia, el pasado 13 de diciembre. En el evento se promocionaron art\u00edculos y adornos navide\u00f1os realizados con material reciclado. Por su&hellip; <a href=\"https:\/\/www.ambienteyenergia.gob.ec\/ambiente\/mae-participo-en-la-i-feria-ciudadana-ecologica-de-navidad-en-chimborazo\/\">Read more &rarr;<\/a><\/p>\n","protected":false},"author":13,"featured_media":17297,"comment_status":"open","ping_status":"open","sticky":false,"template":"","format":"standard","meta":{"footnotes":""},"categories":[16,4],"tags":[],"class_list":["post-17295","post","type-post","status-publish","format-standard","has-post-thumbnail","hentry","category-comunicamos","category-noticias","xfolkentry"],"_links":{"self":[{"href":"https:\/\/www.ambienteyenergia.gob.ec\/ambiente\/wp-json\/wp\/v2\/posts\/17295","targetHints":{"allow":["GET"]}}],"collection":[{"href":"https:\/\/www.ambienteyenergia.gob.ec\/ambiente\/wp-json\/wp\/v2\/posts"}],"about":[{"href":"https:\/\/www.ambienteyenergia.gob.ec\/ambiente\/wp-json\/wp\/v2\/types\/post"}],"author":[{"embeddable":true,"href":"https:\/\/www.ambienteyenergia.gob.ec\/ambiente\/wp-json\/wp\/v2\/users\/13"}],"replies":[{"embeddable":true,"href":"https:\/\/www.ambienteyenergia.gob.ec\/ambiente\/wp-json\/wp\/v2\/comments?post=17295"}],"version-history":[{"count":0,"href":"https:\/\/www.ambienteyenergia.gob.ec\/ambiente\/wp-json\/wp\/v2\/posts\/17295\/revisions"}],"wp:featuredmedia":[{"embeddable":true,"href":"https:\/\/www.ambienteyenergia.gob.ec\/ambiente\/wp-json\/wp\/v2\/media\/17297"}],"wp:attachment":[{"href":"https:\/\/www.ambienteyenergia.gob.ec\/ambiente\/wp-json\/wp\/v2\/media?parent=17295"}],"wp:term":[{"taxonomy":"category","embeddable":true,"href":"https:\/\/www.ambienteyenergia.gob.ec\/ambiente\/wp-json\/wp\/v2\/categories?post=17295"},{"taxonomy":"post_tag","embeddable":true,"href":"https:\/\/www.ambienteyenergia.gob.ec\/ambiente\/wp-json\/wp\/v2\/tags?post=17295"}],"curies":[{"name":"wp","href":"https:\/\/api.w.org\/{rel}","templated":true}]}}