{"id":17289,"date":"2013-12-16T11:31:54","date_gmt":"2013-12-16T16:31:54","guid":{"rendered":"http:\/\/www.ambiente.gob.ec\/?p=17289"},"modified":"2013-12-16T13:13:03","modified_gmt":"2013-12-16T18:13:03","slug":"el-ministerio-del-ambiente-mae-a-traves-de-la-direccion-provincial-de-imbabura-realizo-del-11-al-13-de-diciembre-el-taller-eco-creativo-y-de-sensibilizacion-de-la-red-infantil-guardianes-del-plan","status":"publish","type":"post","link":"https:\/\/www.ambienteyenergia.gob.ec\/ambiente\/el-ministerio-del-ambiente-mae-a-traves-de-la-direccion-provincial-de-imbabura-realizo-del-11-al-13-de-diciembre-el-taller-eco-creativo-y-de-sensibilizacion-de-la-red-infantil-guardianes-del-plan\/","title":{"rendered":"MAE y GAD de Cuenca firmaron un Convenio de Cooperaci\u00f3n T\u00e9cnica y Financiera para Manejo Integral de Residuos S\u00f3lidos"},"content":{"rendered":"<p style=\"text-align: justify;\">El Ministerio del Ambiente del Ecuador (MAE) y su Programa Nacional de Gesti\u00f3n Integral de Desechos S\u00f3lidos (PNGIDS), contribuyen al mejoramiento ambiental de los 221 GAD\u00b4s de todo el pa\u00eds. Esta Cartera de Estado realizar\u00e1 un estudio para la apertura de una planta recicladora en Cuenca, para contribuir con la recuperaci\u00f3n efectiva de los materiales reciclables y proyectar un escenario de crecimiento sustentable y sostenido en el manejo de residuos s\u00f3lidos.<\/p>\n<p style=\"text-align: justify;\">El pasado 12 de diciembre, El Ministerio del Ambiente y GAD Municipal de Cuenca firmaron un Convenio de Cooperaci\u00f3n T\u00e9cnica y Financiera, con la finalidad de realizar estudios de prefactibilidad, factibilidad y de dise\u00f1o de plantas de separaci\u00f3n (aprovechamiento de recursos) de residuos s\u00f3lidos del Municipio, acorde con las normativas t\u00e9cnicas y ambientales vigentes.<\/p>\n<p style=\"text-align: justify;\">Este estudio presentar\u00e1, en una primera fase, un diagn\u00f3stico de la situaci\u00f3n existente y la proyecci\u00f3n en el GAD Municipal de Cuenca, entendido como una caracterizaci\u00f3n o diferenciaci\u00f3n de los residuos s\u00f3lidos generados, el sistema de recolecci\u00f3n y transporte implementados y la determinaci\u00f3n de la gesti\u00f3n diferenciada implementada. As\u00ed tambi\u00e9n, los costos por la ejecuci\u00f3n del programa, an\u00e1lisis del marco legal que rige la gesti\u00f3n y el estudio de alternativas para la ubicaci\u00f3n de la planta de separaci\u00f3n.<\/p>\n<p style=\"text-align: justify;\">La segunda fase consiste en determinar las mejores opciones para el manejo integral de desechos s\u00f3lidos. Dentro de este campo, se analizar\u00e1 la proyecci\u00f3n de crecimiento en los pr\u00f3ximos 10 a\u00f1os; los modelos de separaci\u00f3n industrial y sus componentes m\u00ednimos requeridos; se definir\u00e1 el modelo de gesti\u00f3n a realizarse; factibilidad econ\u00f3mica, social y ambiental; y la determinaci\u00f3n de posibles escenarios.<\/p>\n<p style=\"text-align: justify;\">Dentro del plan de gesti\u00f3n integral que promueve el PNGIDS, se encuentra la minimizaci\u00f3n de residuos generados y la separaci\u00f3n de residuos s\u00f3lidos y reciclaje en la fuente; capacitaciones y socializaci\u00f3n sobre la importancia de la implementaci\u00f3n de plantas de separaci\u00f3n en los distintos municipios. Bajo estos par\u00e1metros, la meta es construir en Ecuador una conciencia clara de la importancia y la responsabilidad ciudadana de separar los residuos en la fuente y los beneficios que se generan para la industria del reciclaje.<\/p>\n<p style=\"text-align: justify;\">Los estudios son priorizados en Cuenca, Guayaquil y Quito debido a que estas ciudades generan el 46% de residuos s\u00f3lidos a escala nacional, con una producci\u00f3n de 5 147 toneladas al d\u00eda. El potencial de residuos a recuperarse es de aproximadamente un 20%. Por esta raz\u00f3n, el Ministerio del Ambiente y el PNGIDS respaldan la gesti\u00f3n de estos municipios con estudios que permitan la instalaci\u00f3n de plantas de separaci\u00f3n.<\/p>\n<p style=\"text-align: justify;\">\n","protected":false},"excerpt":{"rendered":"<p class=\"excerpt\">El Ministerio del Ambiente del Ecuador (MAE) y su Programa Nacional de Gesti\u00f3n Integral de Desechos S\u00f3lidos (PNGIDS), contribuyen al mejoramiento ambiental de los 221 GAD\u00b4s de todo el pa\u00eds. Esta Cartera de Estado realizar\u00e1 un estudio para la apertura de una planta recicladora en Cuenca, para contribuir con la recuperaci\u00f3n efectiva de los materiales reciclables y proyectar un escenario&hellip; <a href=\"https:\/\/www.ambienteyenergia.gob.ec\/ambiente\/el-ministerio-del-ambiente-mae-a-traves-de-la-direccion-provincial-de-imbabura-realizo-del-11-al-13-de-diciembre-el-taller-eco-creativo-y-de-sensibilizacion-de-la-red-infantil-guardianes-del-plan\/\">Read more &rarr;<\/a><\/p>\n","protected":false},"author":13,"featured_media":17290,"comment_status":"open","ping_status":"open","sticky":false,"template":"","format":"standard","meta":{"footnotes":""},"categories":[16,4],"tags":[],"class_list":["post-17289","post","type-post","status-publish","format-standard","has-post-thumbnail","hentry","category-comunicamos","category-noticias","xfolkentry"],"_links":{"self":[{"href":"https:\/\/www.ambienteyenergia.gob.ec\/ambiente\/wp-json\/wp\/v2\/posts\/17289","targetHints":{"allow":["GET"]}}],"collection":[{"href":"https:\/\/www.ambienteyenergia.gob.ec\/ambiente\/wp-json\/wp\/v2\/posts"}],"about":[{"href":"https:\/\/www.ambienteyenergia.gob.ec\/ambiente\/wp-json\/wp\/v2\/types\/post"}],"author":[{"embeddable":true,"href":"https:\/\/www.ambienteyenergia.gob.ec\/ambiente\/wp-json\/wp\/v2\/users\/13"}],"replies":[{"embeddable":true,"href":"https:\/\/www.ambienteyenergia.gob.ec\/ambiente\/wp-json\/wp\/v2\/comments?post=17289"}],"version-history":[{"count":0,"href":"https:\/\/www.ambienteyenergia.gob.ec\/ambiente\/wp-json\/wp\/v2\/posts\/17289\/revisions"}],"wp:featuredmedia":[{"embeddable":true,"href":"https:\/\/www.ambienteyenergia.gob.ec\/ambiente\/wp-json\/wp\/v2\/media\/17290"}],"wp:attachment":[{"href":"https:\/\/www.ambienteyenergia.gob.ec\/ambiente\/wp-json\/wp\/v2\/media?parent=17289"}],"wp:term":[{"taxonomy":"category","embeddable":true,"href":"https:\/\/www.ambienteyenergia.gob.ec\/ambiente\/wp-json\/wp\/v2\/categories?post=17289"},{"taxonomy":"post_tag","embeddable":true,"href":"https:\/\/www.ambienteyenergia.gob.ec\/ambiente\/wp-json\/wp\/v2\/tags?post=17289"}],"curies":[{"name":"wp","href":"https:\/\/api.w.org\/{rel}","templated":true}]}}