{"id":17286,"date":"2013-12-16T11:13:50","date_gmt":"2013-12-16T16:13:50","guid":{"rendered":"http:\/\/www.ambiente.gob.ec\/?p=17286"},"modified":"2013-12-16T11:13:50","modified_gmt":"2013-12-16T16:13:50","slug":"alrededor-de-317-ninos-participaron-en-taller-eco-creativo-y-de-sensibilizacion-de-la-red-infantil-guardianes-del-planeta","status":"publish","type":"post","link":"https:\/\/www.ambienteyenergia.gob.ec\/ambiente\/alrededor-de-317-ninos-participaron-en-taller-eco-creativo-y-de-sensibilizacion-de-la-red-infantil-guardianes-del-planeta\/","title":{"rendered":"Alrededor de 317 ni\u00f1os participaron en taller Eco creativo y de Sensibilizaci\u00f3n de la Red Infantil Guardianes del Planeta"},"content":{"rendered":"<p style=\"text-align: justify;\">El Ministerio del Ambiente (MAE), a trav\u00e9s de la Direcci\u00f3n Provincial de Imbabura, realiz\u00f3 del 11 al 13 de diciembre, el Taller Eco Creativo y de Sensibilizaci\u00f3n de la Red Infantil Guardianes del Planeta<b>,<\/b> en la Escuela San Juan Bosco de la ciudad de Ibarra, provincia de Imbabura. Al evento asistieron alrededor de 317 ni\u00f1os y ni\u00f1as de cuarto, quinto y sexto a\u00f1o de educaci\u00f3n b\u00e1sica.<\/p>\n<p style=\"text-align: justify;\">Los estudiantes recibieron charlas sobre Patrimonio Natural, Biodiversidad y Buenas Pr\u00e1cticas Ambientales, con el fin de que apliquen estos conocimientos en sus actividades cotidianas.<\/p>\n<p style=\"text-align: justify;\">Asimismo, se comprometieron a cuidar el ambiente, a no botar basura, ahorrar energ\u00eda y a no mal gastar el agua.<\/p>\n<p style=\"text-align: justify;\">El MAE fomenta este tipo de iniciativas con el objetivo de educar a las futuras generaciones sobre la importancia de conservar y proteger los recursos naturales y de utilizar pr\u00e1cticas amigables con el ambiente.<\/p>\n<p style=\"text-align: justify;\">\n","protected":false},"excerpt":{"rendered":"<p class=\"excerpt\">El Ministerio del Ambiente (MAE), a trav\u00e9s de la Direcci\u00f3n Provincial de Imbabura, realiz\u00f3 del 11 al 13 de diciembre, el Taller Eco Creativo y de Sensibilizaci\u00f3n de la Red Infantil Guardianes del Planeta, en la Escuela San Juan Bosco de la ciudad de Ibarra, provincia de Imbabura. Al evento asistieron alrededor de 317 ni\u00f1os y ni\u00f1as de cuarto, quinto&hellip; <a href=\"https:\/\/www.ambienteyenergia.gob.ec\/ambiente\/alrededor-de-317-ninos-participaron-en-taller-eco-creativo-y-de-sensibilizacion-de-la-red-infantil-guardianes-del-planeta\/\">Read more &rarr;<\/a><\/p>\n","protected":false},"author":13,"featured_media":17287,"comment_status":"open","ping_status":"open","sticky":false,"template":"","format":"standard","meta":{"footnotes":""},"categories":[16,4],"tags":[],"class_list":["post-17286","post","type-post","status-publish","format-standard","has-post-thumbnail","hentry","category-comunicamos","category-noticias","xfolkentry"],"_links":{"self":[{"href":"https:\/\/www.ambienteyenergia.gob.ec\/ambiente\/wp-json\/wp\/v2\/posts\/17286","targetHints":{"allow":["GET"]}}],"collection":[{"href":"https:\/\/www.ambienteyenergia.gob.ec\/ambiente\/wp-json\/wp\/v2\/posts"}],"about":[{"href":"https:\/\/www.ambienteyenergia.gob.ec\/ambiente\/wp-json\/wp\/v2\/types\/post"}],"author":[{"embeddable":true,"href":"https:\/\/www.ambienteyenergia.gob.ec\/ambiente\/wp-json\/wp\/v2\/users\/13"}],"replies":[{"embeddable":true,"href":"https:\/\/www.ambienteyenergia.gob.ec\/ambiente\/wp-json\/wp\/v2\/comments?post=17286"}],"version-history":[{"count":0,"href":"https:\/\/www.ambienteyenergia.gob.ec\/ambiente\/wp-json\/wp\/v2\/posts\/17286\/revisions"}],"wp:featuredmedia":[{"embeddable":true,"href":"https:\/\/www.ambienteyenergia.gob.ec\/ambiente\/wp-json\/wp\/v2\/media\/17287"}],"wp:attachment":[{"href":"https:\/\/www.ambienteyenergia.gob.ec\/ambiente\/wp-json\/wp\/v2\/media?parent=17286"}],"wp:term":[{"taxonomy":"category","embeddable":true,"href":"https:\/\/www.ambienteyenergia.gob.ec\/ambiente\/wp-json\/wp\/v2\/categories?post=17286"},{"taxonomy":"post_tag","embeddable":true,"href":"https:\/\/www.ambienteyenergia.gob.ec\/ambiente\/wp-json\/wp\/v2\/tags?post=17286"}],"curies":[{"name":"wp","href":"https:\/\/api.w.org\/{rel}","templated":true}]}}