{"id":17277,"date":"2013-12-16T09:20:43","date_gmt":"2013-12-16T14:20:43","guid":{"rendered":"http:\/\/www.ambiente.gob.ec\/?p=17277"},"modified":"2013-12-16T09:20:43","modified_gmt":"2013-12-16T14:20:43","slug":"cierre-del-programa-de-capacitacion-ambiental-2013-estero-salado-porque-eres-mio-te-cuido","status":"publish","type":"post","link":"https:\/\/www.ambienteyenergia.gob.ec\/ambiente\/cierre-del-programa-de-capacitacion-ambiental-2013-estero-salado-porque-eres-mio-te-cuido\/","title":{"rendered":"Cierre del Programa de Capacitaci\u00f3n Ambiental 2013 \u201cEstero Salado porque eres m\u00edo te cuido\u201d"},"content":{"rendered":"<p style=\"text-align: justify;\">El pasado 13 de diciembre, alrededor de 546 personas entre estudiantes, docentes y padres de familia participaron en el cierre del programa de capacitaci\u00f3n ambiental que inici\u00f3 en agosto del presente a\u00f1o, en diferentes centros educativos particulares, que se encuentran en el \u00e1rea de influencia del Estero Salado, ubicado en la ciudad de Guayaquil.<\/p>\n<p style=\"text-align: justify;\">Esta actividad es parte de la Estrategia de Educaci\u00f3n Ambiental y Social implementada por el Ministerio del Ambiente (MAE), a trav\u00e9s del Proyecto Guayaquil Ecol\u00f3gico \u2013 Componente Estero Salado, que tiene como objetivo sensibilizar y concienciar a la comunidad, sobre la importancia de no contaminar este brazo de mar.<\/p>\n<p style=\"text-align: justify;\">El evento se realiz\u00f3 en la escuela \u201cSol en los Andes\u201d, la cual form\u00f3 parte de las 16 escuelas capacitadas en temas de Difusi\u00f3n del Proyecto Guayaquil Ecol\u00f3gico, Correcto Manejo de los Desechos S\u00f3lidos, Contaminaci\u00f3n Ambiental y Compromiso Ambiental.<\/p>\n<p style=\"text-align: justify;\">Jos\u00e9 Francisco Medina, Gerente del Proyecto, resalt\u00f3 el trabajo ejecutado y la apertura que brind\u00f3 cada una de las instituciones educativas participantes durante estos meses.<\/p>\n<p style=\"text-align: justify;\">A trav\u00e9s de esta jornada, los estudiantes tuvieron la oportunidad de exponer los trabajos efectuados en base a los conocimientos adquiridos. Asimismo, deleitaron al p\u00fablico con diferentes n\u00fameros art\u00edsticos y culturales, como desfiles de moda con trajes confeccionados con materiales reciclados, interpretaciones art\u00edsticas con temas relacionados a cuidar el Estero Salado, poemas y obras teatrales, entre otras.<\/p>\n<p style=\"text-align: justify;\">Samuel Murillo, estudiante de la escuela Tesoritos de Jes\u00fas, fue uno de los ni\u00f1os que manifest\u00f3 a todos los presentes,\u00a0 mensajes positivos y alusivos al cuidado que merece el Estero Salado, la naturaleza, y la importancia de aplicar las 3R: reciclar, reducir y rehusar.<\/p>\n<p style=\"text-align: justify;\">Finalmente, los centros educativos participantes recibieron un diploma como signo de agradecimiento por su aporte y colaboraci\u00f3n en actividades que promueven una conciencia ambiental.<\/p>\n<div id='gallery-1' class='gallery galleryid-17277 gallery-columns-3 gallery-size-thumbnail'><dl class='gallery-item'>\n\t\t\t<dt class='gallery-icon landscape'>\n\t\t\t\t<a href='https:\/\/www.ambienteyenergia.gob.ec\/ambiente\/cierre-del-programa-de-capacitacion-ambiental-2013-estero-salado-porque-eres-mio-te-cuido\/dsc01154\/'><img loading=\"lazy\" decoding=\"async\" width=\"150\" height=\"150\" src=\"https:\/\/www.ambienteyenergia.gob.ec\/ambiente\/wp-content\/uploads\/sites\/2\/2013\/12\/DSC01154-150x150.jpg\" class=\"attachment-thumbnail size-thumbnail\" alt=\"\" \/><\/a>\n\t\t\t<\/dt><\/dl><dl class='gallery-item'>\n\t\t\t<dt class='gallery-icon landscape'>\n\t\t\t\t<a href='https:\/\/www.ambienteyenergia.gob.ec\/ambiente\/cierre-del-programa-de-capacitacion-ambiental-2013-estero-salado-porque-eres-mio-te-cuido\/dsc01190\/'><img loading=\"lazy\" decoding=\"async\" width=\"150\" height=\"150\" src=\"https:\/\/www.ambienteyenergia.gob.ec\/ambiente\/wp-content\/uploads\/sites\/2\/2013\/12\/DSC01190-150x150.jpg\" class=\"attachment-thumbnail size-thumbnail\" alt=\"\" \/><\/a>\n\t\t\t<\/dt><\/dl>\n\t\t\t<br style='clear: both' \/>\n\t\t<\/div>\n\n","protected":false},"excerpt":{"rendered":"<p class=\"excerpt\">El pasado 13 de diciembre, alrededor de 546 personas entre estudiantes, docentes y padres de familia participaron en el cierre del programa de capacitaci\u00f3n ambiental que inici\u00f3 en agosto del presente a\u00f1o, en diferentes centros educativos particulares, que se encuentran en el \u00e1rea de influencia del Estero Salado, ubicado en la ciudad de Guayaquil. Esta actividad es parte de la&hellip; <a href=\"https:\/\/www.ambienteyenergia.gob.ec\/ambiente\/cierre-del-programa-de-capacitacion-ambiental-2013-estero-salado-porque-eres-mio-te-cuido\/\">Read more &rarr;<\/a><\/p>\n","protected":false},"author":13,"featured_media":17278,"comment_status":"open","ping_status":"open","sticky":false,"template":"","format":"standard","meta":{"footnotes":""},"categories":[16,4],"tags":[],"class_list":["post-17277","post","type-post","status-publish","format-standard","has-post-thumbnail","hentry","category-comunicamos","category-noticias","xfolkentry"],"_links":{"self":[{"href":"https:\/\/www.ambienteyenergia.gob.ec\/ambiente\/wp-json\/wp\/v2\/posts\/17277","targetHints":{"allow":["GET"]}}],"collection":[{"href":"https:\/\/www.ambienteyenergia.gob.ec\/ambiente\/wp-json\/wp\/v2\/posts"}],"about":[{"href":"https:\/\/www.ambienteyenergia.gob.ec\/ambiente\/wp-json\/wp\/v2\/types\/post"}],"author":[{"embeddable":true,"href":"https:\/\/www.ambienteyenergia.gob.ec\/ambiente\/wp-json\/wp\/v2\/users\/13"}],"replies":[{"embeddable":true,"href":"https:\/\/www.ambienteyenergia.gob.ec\/ambiente\/wp-json\/wp\/v2\/comments?post=17277"}],"version-history":[{"count":0,"href":"https:\/\/www.ambienteyenergia.gob.ec\/ambiente\/wp-json\/wp\/v2\/posts\/17277\/revisions"}],"wp:featuredmedia":[{"embeddable":true,"href":"https:\/\/www.ambienteyenergia.gob.ec\/ambiente\/wp-json\/wp\/v2\/media\/17278"}],"wp:attachment":[{"href":"https:\/\/www.ambienteyenergia.gob.ec\/ambiente\/wp-json\/wp\/v2\/media?parent=17277"}],"wp:term":[{"taxonomy":"category","embeddable":true,"href":"https:\/\/www.ambienteyenergia.gob.ec\/ambiente\/wp-json\/wp\/v2\/categories?post=17277"},{"taxonomy":"post_tag","embeddable":true,"href":"https:\/\/www.ambienteyenergia.gob.ec\/ambiente\/wp-json\/wp\/v2\/tags?post=17277"}],"curies":[{"name":"wp","href":"https:\/\/api.w.org\/{rel}","templated":true}]}}