{"id":17263,"date":"2013-12-13T12:59:05","date_gmt":"2013-12-13T17:59:05","guid":{"rendered":"http:\/\/www.ambiente.gob.ec\/?p=17263"},"modified":"2013-12-13T12:59:05","modified_gmt":"2013-12-13T17:59:05","slug":"mae-promueve-buenas-practicas-ambientales-y-consumo-responsable-en-instituciones-del-pais","status":"publish","type":"post","link":"https:\/\/www.ambienteyenergia.gob.ec\/ambiente\/mae-promueve-buenas-practicas-ambientales-y-consumo-responsable-en-instituciones-del-pais\/","title":{"rendered":"MAE promueve Buenas Pr\u00e1cticas Ambientales y consumo responsable en instituciones del pa\u00eds"},"content":{"rendered":"<p style=\"text-align: justify;\">El Ministerio del Ambiente del Ecuador (MAE), a trav\u00e9s de la Subsecretar\u00eda de Calidad Ambiental, orienta su trabajo al cambio de los patrones actuales de producci\u00f3n y consumo, apuntando hacia el desarrollo sostenible. Para lo cual, formul\u00f3 el Acuerdo Ministerial 131, que tiene como objetivo principal, incentivar a las instituciones p\u00fablicas y privadas a implementar los principios y estrategias de consumo responsable, es decir, buenas pr\u00e1cticas ambientales.<\/p>\n<p style=\"text-align: justify;\">Este Acuerdo se basa en una evaluaci\u00f3n comparativa de los reportes del a\u00f1o base y gesti\u00f3n de la entidad aplicante en los ejes tem\u00e1ticos de ahorro y uso eficiente del agua, energ\u00eda, transporte y papel, gesti\u00f3n de residuos, compras p\u00fablicas responsables y capacitaci\u00f3n a personal. Estos par\u00e1metros son medidos a trav\u00e9s de indicadores de consumo per c\u00e1pita y evaluaci\u00f3n in situ por parte de t\u00e9cnicos del MAE. Una vez que se verifica el cumplimiento de estos requerimientos, el MAE entrega el reconocimiento ecuatoriano ambiental \u201cPunto Verde\u00bb a dicha entidad.<\/p>\n<p>Hasta la presente fecha se han entregado cuatro reconocimientos por buenas pr\u00e1cticas ambientales, a entidades como el Ministerio de Finanzas, Red Financiera Rural, C\u00e1mara de Industrias y Producci\u00f3n, y a la Empresa El\u00e9ctrica Quito. Asimismo, 42 instituciones han presentado sus reportes, de las cuales 19 corresponden a Ministerios de Estado, 21 a otras entidades p\u00fablicas y dos a entidades privadas; demostrando as\u00ed, que cada vez m\u00e1s entidades asumen el rol de actores activos en el cuidado del ambiente desde sus dependencias.<\/p>\n<p>Esta Cartera de Estado motiva permanentemente a lograr un cambio de actitud en las personas, por esta raz\u00f3n,\u00a0trabaja en procesos preventivos y de reducci\u00f3n de la contaminaci\u00f3n y desechos, en coordinaci\u00f3n con otras instituciones p\u00fablicas, como la Secretar\u00eda Nacional de Administraci\u00f3n P\u00fablica, con la que ha empe\u00f1ado esfuerzos en la implementaci\u00f3n, seguimiento y auditor\u00eda de buenas pr\u00e1cticas ambientales.<\/p>\n<p style=\"text-align: justify;\"><a href=\"http:\/\/www.ambienteyenergia.gob.ec\/ambiente\/wp-content\/uploads\/2013\/12\/Rendici\u00f3n-de-cuentas1.jpg\"><img loading=\"lazy\" decoding=\"async\" class=\"aligncenter size-full wp-image-17266\" alt=\"Rendici\u00f3n de cuentas1\" src=\"http:\/\/www.ambienteyenergia.gob.ec\/ambiente\/wp-content\/uploads\/2013\/12\/Rendici\u00f3n-de-cuentas1.jpg\" width=\"300\" height=\"211\" \/><a href=\"http:\/\/www.ambienteyenergia.gob.ec\/ambiente\/wp-content\/uploads\/2013\/12\/Rendici\u00f3n-de-cuentas2.jpg\"><img loading=\"lazy\" decoding=\"async\" class=\"aligncenter size-full wp-image-17264\" alt=\"Rendici\u00f3n de cuentas2\" src=\"http:\/\/www.ambienteyenergia.gob.ec\/ambiente\/wp-content\/uploads\/2013\/12\/Rendici\u00f3n-de-cuentas2.jpg\" width=\"300\" height=\"211\" \/><\/a><\/a><\/p>\n","protected":false},"excerpt":{"rendered":"<p class=\"excerpt\">El Ministerio del Ambiente del Ecuador (MAE), a trav\u00e9s de la Subsecretar\u00eda de Calidad Ambiental, orienta su trabajo al cambio de los patrones actuales de producci\u00f3n y consumo, apuntando hacia el desarrollo sostenible. Para lo cual, formul\u00f3 el Acuerdo Ministerial 131, que tiene como objetivo principal, incentivar a las instituciones p\u00fablicas y privadas a implementar los principios y estrategias de&hellip; <a href=\"https:\/\/www.ambienteyenergia.gob.ec\/ambiente\/mae-promueve-buenas-practicas-ambientales-y-consumo-responsable-en-instituciones-del-pais\/\">Read more &rarr;<\/a><\/p>\n","protected":false},"author":13,"featured_media":17265,"comment_status":"open","ping_status":"open","sticky":false,"template":"","format":"standard","meta":{"footnotes":""},"categories":[16,4],"tags":[391,108,53,112],"class_list":["post-17263","post","type-post","status-publish","format-standard","has-post-thumbnail","hentry","category-comunicamos","category-noticias","tag-ahorro","tag-lorena-tapia","tag-mae","tag-punto-verde","xfolkentry"],"_links":{"self":[{"href":"https:\/\/www.ambienteyenergia.gob.ec\/ambiente\/wp-json\/wp\/v2\/posts\/17263","targetHints":{"allow":["GET"]}}],"collection":[{"href":"https:\/\/www.ambienteyenergia.gob.ec\/ambiente\/wp-json\/wp\/v2\/posts"}],"about":[{"href":"https:\/\/www.ambienteyenergia.gob.ec\/ambiente\/wp-json\/wp\/v2\/types\/post"}],"author":[{"embeddable":true,"href":"https:\/\/www.ambienteyenergia.gob.ec\/ambiente\/wp-json\/wp\/v2\/users\/13"}],"replies":[{"embeddable":true,"href":"https:\/\/www.ambienteyenergia.gob.ec\/ambiente\/wp-json\/wp\/v2\/comments?post=17263"}],"version-history":[{"count":0,"href":"https:\/\/www.ambienteyenergia.gob.ec\/ambiente\/wp-json\/wp\/v2\/posts\/17263\/revisions"}],"wp:featuredmedia":[{"embeddable":true,"href":"https:\/\/www.ambienteyenergia.gob.ec\/ambiente\/wp-json\/wp\/v2\/media\/17265"}],"wp:attachment":[{"href":"https:\/\/www.ambienteyenergia.gob.ec\/ambiente\/wp-json\/wp\/v2\/media?parent=17263"}],"wp:term":[{"taxonomy":"category","embeddable":true,"href":"https:\/\/www.ambienteyenergia.gob.ec\/ambiente\/wp-json\/wp\/v2\/categories?post=17263"},{"taxonomy":"post_tag","embeddable":true,"href":"https:\/\/www.ambienteyenergia.gob.ec\/ambiente\/wp-json\/wp\/v2\/tags?post=17263"}],"curies":[{"name":"wp","href":"https:\/\/api.w.org\/{rel}","templated":true}]}}