{"id":17258,"date":"2013-12-13T09:21:25","date_gmt":"2013-12-13T14:21:25","guid":{"rendered":"http:\/\/www.ambiente.gob.ec\/?p=17258"},"modified":"2013-12-13T09:21:25","modified_gmt":"2013-12-13T14:21:25","slug":"mae-participo-en-el-xviii-festival-mundial-de-la-juventud-y-los-estudiantes","status":"publish","type":"post","link":"https:\/\/www.ambienteyenergia.gob.ec\/ambiente\/mae-participo-en-el-xviii-festival-mundial-de-la-juventud-y-los-estudiantes\/","title":{"rendered":"MAE particip\u00f3 en el XVIII Festival Mundial de la Juventud y los Estudiantes"},"content":{"rendered":"<p style=\"text-align: justify;\">El Ministerio del Ambiente (MAE) asisti\u00f3 ayer al XVIII Festival Mundial de la Juventud y los Estudiantes, que se realiz\u00f3 del 8 al 12 de diciembre, en el Parque Bicentenario en la ciudad de Quito, y en el cual participaron representantes de 80 pa\u00edses, para debatir tem\u00e1ticas como derechos humanos, integraci\u00f3n latinoamericana y recursos naturales, entre otros.<\/p>\n<p style=\"text-align: justify;\">El Subsecretario de Patrimonio Natural, Christian Ter\u00e1n, present\u00f3 las principales pol\u00edticas que impulsa esta Cartera de Estado para promover el cuidado del patrimonio natural y los ecosistemas vivos como parte de la pol\u00edtica del Buen Vivir del Ecuador.<\/p>\n<p style=\"text-align: justify;\">Asimismo, Ter\u00e1n explic\u00f3 los esfuerzos que realiza el Gobierno Nacional para gestionar el cuidado de las 50 \u00e1reas protegidas que tiene el Ecuador, las cuales cuentan con infraestructura mejorada y acceso gratuito para ecuatorianos y extranjeros.<\/p>\n<p style=\"text-align: justify;\">El titular de la Subsecretar\u00eda de Patrimonio del MAE, destac\u00f3 tambi\u00e9n el funcionamiento del Programa Nacional de Incentivos Socio Bosque, iniciativa que fue creada por el actual Gobierno, en el 2008, y que entrega m\u00faltiples incentivos para promover la conservaci\u00f3n, restauraci\u00f3n y el manejo forestal sostenible de los bosques y p\u00e1ramos en el Ecuador.<\/p>\n<p style=\"text-align: justify;\">En la actualidad, Ter\u00e1n indic\u00f3 que Socio Bosque conserva cerca de 1 mill\u00f3n 225 mil hect\u00e1reas de bosques y p\u00e1ramos, y se registran cerca de 161 mil beneficiarios.<\/p>\n<p style=\"text-align: justify;\"><strong>El dato<\/strong><\/p>\n<p style=\"text-align: justify;\">La organizaci\u00f3n de este evento decidi\u00f3 en 2012 que Ecuador fuera la sede de la XVIII edici\u00f3n del encuentro, en reconocimiento a las transformaciones sociales que se suscitan en el pa\u00eds, impulsadas por el Gobierno de la Revoluci\u00f3n Ciudadana.<\/p>\n<p style=\"text-align: justify;\"><a href=\"http:\/\/www.ambienteyenergia.gob.ec\/ambiente\/wp-content\/uploads\/2013\/12\/18FMJE1.jpg\"><img loading=\"lazy\" decoding=\"async\" class=\"aligncenter size-full wp-image-17259\" alt=\"18FMJE1\" src=\"http:\/\/www.ambienteyenergia.gob.ec\/ambiente\/wp-content\/uploads\/2013\/12\/18FMJE1.jpg\" width=\"300\" height=\"211\" \/><\/a><\/p>\n","protected":false},"excerpt":{"rendered":"<p class=\"excerpt\">El Ministerio del Ambiente (MAE) asisti\u00f3 ayer al XVIII Festival Mundial de la Juventud y los Estudiantes, que se realiz\u00f3 del 8 al 12 de diciembre, en el Parque Bicentenario en la ciudad de Quito, y en el cual participaron representantes de 80 pa\u00edses, para debatir tem\u00e1ticas como derechos humanos, integraci\u00f3n latinoamericana y recursos naturales, entre otros. El Subsecretario de&hellip; <a href=\"https:\/\/www.ambienteyenergia.gob.ec\/ambiente\/mae-participo-en-el-xviii-festival-mundial-de-la-juventud-y-los-estudiantes\/\">Read more &rarr;<\/a><\/p>\n","protected":false},"author":13,"featured_media":17260,"comment_status":"open","ping_status":"open","sticky":false,"template":"","format":"standard","meta":{"footnotes":""},"categories":[16,4],"tags":[390,108,53,49],"class_list":["post-17258","post","type-post","status-publish","format-standard","has-post-thumbnail","hentry","category-comunicamos","category-noticias","tag-18fmje","tag-lorena-tapia","tag-mae","tag-quito","xfolkentry"],"_links":{"self":[{"href":"https:\/\/www.ambienteyenergia.gob.ec\/ambiente\/wp-json\/wp\/v2\/posts\/17258","targetHints":{"allow":["GET"]}}],"collection":[{"href":"https:\/\/www.ambienteyenergia.gob.ec\/ambiente\/wp-json\/wp\/v2\/posts"}],"about":[{"href":"https:\/\/www.ambienteyenergia.gob.ec\/ambiente\/wp-json\/wp\/v2\/types\/post"}],"author":[{"embeddable":true,"href":"https:\/\/www.ambienteyenergia.gob.ec\/ambiente\/wp-json\/wp\/v2\/users\/13"}],"replies":[{"embeddable":true,"href":"https:\/\/www.ambienteyenergia.gob.ec\/ambiente\/wp-json\/wp\/v2\/comments?post=17258"}],"version-history":[{"count":0,"href":"https:\/\/www.ambienteyenergia.gob.ec\/ambiente\/wp-json\/wp\/v2\/posts\/17258\/revisions"}],"wp:featuredmedia":[{"embeddable":true,"href":"https:\/\/www.ambienteyenergia.gob.ec\/ambiente\/wp-json\/wp\/v2\/media\/17260"}],"wp:attachment":[{"href":"https:\/\/www.ambienteyenergia.gob.ec\/ambiente\/wp-json\/wp\/v2\/media?parent=17258"}],"wp:term":[{"taxonomy":"category","embeddable":true,"href":"https:\/\/www.ambienteyenergia.gob.ec\/ambiente\/wp-json\/wp\/v2\/categories?post=17258"},{"taxonomy":"post_tag","embeddable":true,"href":"https:\/\/www.ambienteyenergia.gob.ec\/ambiente\/wp-json\/wp\/v2\/tags?post=17258"}],"curies":[{"name":"wp","href":"https:\/\/api.w.org\/{rel}","templated":true}]}}