{"id":17256,"date":"2013-12-12T16:25:15","date_gmt":"2013-12-12T21:25:15","guid":{"rendered":"http:\/\/www.ambiente.gob.ec\/?p=17256"},"modified":"2013-12-12T16:25:15","modified_gmt":"2013-12-12T21:25:15","slug":"fiscalia-formulo-cargos-a-planta-de-beneficio-del-area-minera-barranco-colorado-por-contaminacion-ambiental","status":"publish","type":"post","link":"https:\/\/www.ambienteyenergia.gob.ec\/ambiente\/fiscalia-formulo-cargos-a-planta-de-beneficio-del-area-minera-barranco-colorado-por-contaminacion-ambiental\/","title":{"rendered":"Fiscal\u00eda formul\u00f3 cargos a Planta de Beneficio del \u00c1rea Minera Barranco Colorado por contaminaci\u00f3n ambiental"},"content":{"rendered":"<p style=\"text-align: justify;\">El pasado 13 de agosto, tras el derrame de una relavera en la Planta de Beneficio del \u00c1rea Minera Barranco Colorado, ubicada en la comunidad Shumiral, en la provincia de Azuay, el Ministerio del Ambiente (MAE) present\u00f3 una denuncia penal en la Fiscal\u00eda de Ponce Enr\u00edquez, contra la empresa Portugalia S.A, responsable de este proyecto minero. Asimismo, el MAE luego de un proceso de seguimiento, el 3 de diciembre, la Fiscal\u00eda General del Estado ofici\u00f3 al Juzgado Multicompetente del Cant\u00f3n Camilo Ponce Enr\u00edquez, solicitando se\u00f1ale d\u00eda y hora para formular cargos en contra de la empresa minera.<\/p>\n<p style=\"text-align: justify;\">Por su parte, el MAE levant\u00f3 un proceso administrativo sancionatorio por contaminaci\u00f3n ambiental, despu\u00e9s de realizar una inspecci\u00f3n t\u00e9cnica en las \u00e1reas mineras y en los sectores aleda\u00f1os que fueron afectados.<\/p>\n<p style=\"text-align: justify;\">Esta Cartera de Estado el d\u00eda de incidente activ\u00f3 su personal t\u00e9cnico para verificar la magnitud del deslizamiento. En la inspecci\u00f3n se determin\u00f3 que el colapso de la pared lateral de la piscina hizo que el material vaya al r\u00edo Chico, dispers\u00e1ndose con la corriente. Para ello, una de las acciones inmediatas fue desviar el cauce del afluente para evitar que el material presuntamente cianurado sea arrastrado por \u00e9ste.<\/p>\n<p style=\"text-align: justify;\">Adem\u00e1s, con la finalidad de mantener el material en una sola zona, se orden\u00f3 construir un dique entre los terrenos afectados y el ubicado al frente.<\/p>\n<p style=\"text-align: justify;\">Gracias al trabajo coordinado del MAE y la Fiscal\u00eda Provincial del Azuay, se actu\u00f3 con celeridad, a fin de que el hecho sea investigado y se establezcan las sanciones por la contaminaci\u00f3n ambiental producida.<\/p>\n<p style=\"text-align: justify;\">El MAE velar\u00e1 por el cumplimiento de las sanciones respectivas y verificar\u00e1 el avance en el proceso de formulaci\u00f3n de cargos contra la empresa minera Barranco Colorado.<\/p>\n","protected":false},"excerpt":{"rendered":"<p class=\"excerpt\">El pasado 13 de agosto, tras el derrame de una relavera en la Planta de Beneficio del \u00c1rea Minera Barranco Colorado, ubicada en la comunidad Shumiral, en la provincia de Azuay, el Ministerio del Ambiente (MAE) present\u00f3 una denuncia penal en la Fiscal\u00eda de Ponce Enr\u00edquez, contra la empresa Portugalia S.A, responsable de este proyecto minero. Asimismo, el MAE luego&hellip; <a href=\"https:\/\/www.ambienteyenergia.gob.ec\/ambiente\/fiscalia-formulo-cargos-a-planta-de-beneficio-del-area-minera-barranco-colorado-por-contaminacion-ambiental\/\">Read more &rarr;<\/a><\/p>\n","protected":false},"author":13,"featured_media":14164,"comment_status":"open","ping_status":"open","sticky":false,"template":"","format":"standard","meta":{"footnotes":""},"categories":[16,4],"tags":[212,389,108,53],"class_list":["post-17256","post","type-post","status-publish","format-standard","has-post-thumbnail","hentry","category-comunicamos","category-noticias","tag-azuay","tag-barranco-colorado","tag-lorena-tapia","tag-mae","xfolkentry"],"_links":{"self":[{"href":"https:\/\/www.ambienteyenergia.gob.ec\/ambiente\/wp-json\/wp\/v2\/posts\/17256","targetHints":{"allow":["GET"]}}],"collection":[{"href":"https:\/\/www.ambienteyenergia.gob.ec\/ambiente\/wp-json\/wp\/v2\/posts"}],"about":[{"href":"https:\/\/www.ambienteyenergia.gob.ec\/ambiente\/wp-json\/wp\/v2\/types\/post"}],"author":[{"embeddable":true,"href":"https:\/\/www.ambienteyenergia.gob.ec\/ambiente\/wp-json\/wp\/v2\/users\/13"}],"replies":[{"embeddable":true,"href":"https:\/\/www.ambienteyenergia.gob.ec\/ambiente\/wp-json\/wp\/v2\/comments?post=17256"}],"version-history":[{"count":0,"href":"https:\/\/www.ambienteyenergia.gob.ec\/ambiente\/wp-json\/wp\/v2\/posts\/17256\/revisions"}],"wp:featuredmedia":[{"embeddable":true,"href":"https:\/\/www.ambienteyenergia.gob.ec\/ambiente\/wp-json\/wp\/v2\/media\/14164"}],"wp:attachment":[{"href":"https:\/\/www.ambienteyenergia.gob.ec\/ambiente\/wp-json\/wp\/v2\/media?parent=17256"}],"wp:term":[{"taxonomy":"category","embeddable":true,"href":"https:\/\/www.ambienteyenergia.gob.ec\/ambiente\/wp-json\/wp\/v2\/categories?post=17256"},{"taxonomy":"post_tag","embeddable":true,"href":"https:\/\/www.ambienteyenergia.gob.ec\/ambiente\/wp-json\/wp\/v2\/tags?post=17256"}],"curies":[{"name":"wp","href":"https:\/\/api.w.org\/{rel}","templated":true}]}}