{"id":17247,"date":"2013-12-12T15:56:41","date_gmt":"2013-12-12T20:56:41","guid":{"rendered":"http:\/\/www.ambiente.gob.ec\/?p=17247"},"modified":"2013-12-12T15:56:41","modified_gmt":"2013-12-12T20:56:41","slug":"tecnicos-del-mae-decomisaron-15-sacos-de-musgo-en-portoviejo","status":"publish","type":"post","link":"https:\/\/www.ambienteyenergia.gob.ec\/ambiente\/tecnicos-del-mae-decomisaron-15-sacos-de-musgo-en-portoviejo\/","title":{"rendered":"T\u00e9cnicos del MAE decomisaron 15 sacos de musgo en Portoviejo"},"content":{"rendered":"<p style=\"text-align: justify;\">T\u00e9cnicos de la Direcci\u00f3n Provincial de Ambiente Manab\u00ed, de acuerdo con la campa\u00f1a que emprende desde el a\u00f1o 2010 el Ministerio del Ambiente con el nombre \u201cNo arranques la piel de los Bosques\u201d, decomisaron la ma\u00f1ana de hoy 15 sacos de musgos que se expend\u00edan en los puestos ubicados\u00a0en la calle Pedro Gual de Portoviejo. El control fue realizado con apoyo de efectivos de Unidad de Protecci\u00f3n del Medio Ambiente (UPMA).<\/p>\n<p style=\"text-align: justify;\">\u00c1ngelo Traverso, director provincial del Ministerio del Ambiente (MAE), mencion\u00f3 que los controles continuar\u00e1n en los mercados de los cantones de la provincia, y en varios sectores de la v\u00eda, con la finalidad de \u201cevitar el comercio ilegal y da\u00f1o que se causa al ecosistema por la extracci\u00f3n de este recurso, debido a que usar un poco de musgo no impacta, pero si lo multiplicamos por todas las familias que lo utilizan para sus pesebres, s\u00ed hay un impacto\u201d.<\/p>\n<p style=\"text-align: justify;\">\u201cLos resultados est\u00e1n a la vista, en la \u00e9poca de navidad siempre se comercializa estos materiales; hoy la conciencia no est\u00e1 en un sector sino en todos los lugares, inclusive en donde est\u00e1n ubicadas las especies, pues los agricultores conocen muy bien cu\u00e1les son las funciones de estas especies y del da\u00f1o que se est\u00e1 causando a la naturaleza\u201d, subray\u00f3.<\/p>\n<p style=\"text-align: justify;\">El funcionario hizo un llamado a los expendedores de estas especies para que no extraigan ni compren estas plantas, puesto que ayudan a almacenar el agua. Los operativos se intensificar\u00e1n, por ello, se advierte a las personas que no expendan estos productos naturales como musgo, barba y helechos ya que ser\u00e1n decomisados. Si persisten pueden recibir sanciones administrativas e incluso reclusi\u00f3n. Se recomienda buscar otras alternativas para hacer los nacimientos, como arenas y aserr\u00edn coloreados, papeles pintados o material de reciclaje.<\/p>\n","protected":false},"excerpt":{"rendered":"<p class=\"excerpt\">T\u00e9cnicos de la Direcci\u00f3n Provincial de Ambiente Manab\u00ed, de acuerdo con la campa\u00f1a que emprende desde el a\u00f1o 2010 el Ministerio del Ambiente con el nombre \u201cNo arranques la piel de los Bosques\u201d, decomisaron la ma\u00f1ana de hoy 15 sacos de musgos que se expend\u00edan en los puestos ubicados\u00a0en la calle Pedro Gual de Portoviejo. El control fue realizado con&hellip; <a href=\"https:\/\/www.ambienteyenergia.gob.ec\/ambiente\/tecnicos-del-mae-decomisaron-15-sacos-de-musgo-en-portoviejo\/\">Read more &rarr;<\/a><\/p>\n","protected":false},"author":13,"featured_media":17249,"comment_status":"open","ping_status":"open","sticky":false,"template":"","format":"standard","meta":{"footnotes":""},"categories":[16,4],"tags":[387,60,388],"class_list":["post-17247","post","type-post","status-publish","format-standard","has-post-thumbnail","hentry","category-comunicamos","category-noticias","tag-mae-lorena-tapia","tag-manabi","tag-portoviejo","xfolkentry"],"_links":{"self":[{"href":"https:\/\/www.ambienteyenergia.gob.ec\/ambiente\/wp-json\/wp\/v2\/posts\/17247","targetHints":{"allow":["GET"]}}],"collection":[{"href":"https:\/\/www.ambienteyenergia.gob.ec\/ambiente\/wp-json\/wp\/v2\/posts"}],"about":[{"href":"https:\/\/www.ambienteyenergia.gob.ec\/ambiente\/wp-json\/wp\/v2\/types\/post"}],"author":[{"embeddable":true,"href":"https:\/\/www.ambienteyenergia.gob.ec\/ambiente\/wp-json\/wp\/v2\/users\/13"}],"replies":[{"embeddable":true,"href":"https:\/\/www.ambienteyenergia.gob.ec\/ambiente\/wp-json\/wp\/v2\/comments?post=17247"}],"version-history":[{"count":0,"href":"https:\/\/www.ambienteyenergia.gob.ec\/ambiente\/wp-json\/wp\/v2\/posts\/17247\/revisions"}],"wp:featuredmedia":[{"embeddable":true,"href":"https:\/\/www.ambienteyenergia.gob.ec\/ambiente\/wp-json\/wp\/v2\/media\/17249"}],"wp:attachment":[{"href":"https:\/\/www.ambienteyenergia.gob.ec\/ambiente\/wp-json\/wp\/v2\/media?parent=17247"}],"wp:term":[{"taxonomy":"category","embeddable":true,"href":"https:\/\/www.ambienteyenergia.gob.ec\/ambiente\/wp-json\/wp\/v2\/categories?post=17247"},{"taxonomy":"post_tag","embeddable":true,"href":"https:\/\/www.ambienteyenergia.gob.ec\/ambiente\/wp-json\/wp\/v2\/tags?post=17247"}],"curies":[{"name":"wp","href":"https:\/\/api.w.org\/{rel}","templated":true}]}}