{"id":17242,"date":"2013-12-12T12:13:13","date_gmt":"2013-12-12T17:13:13","guid":{"rendered":"http:\/\/www.ambiente.gob.ec\/?p=17242"},"modified":"2013-12-12T12:13:13","modified_gmt":"2013-12-12T17:13:13","slug":"minga-en-isla-esperanza-beneficia-a-30-familias-en-el-golfo-de-guayaquil","status":"publish","type":"post","link":"https:\/\/www.ambienteyenergia.gob.ec\/ambiente\/minga-en-isla-esperanza-beneficia-a-30-familias-en-el-golfo-de-guayaquil\/","title":{"rendered":"Minga en isla Esperanza beneficia a 30 familias en el Golfo de Guayaquil"},"content":{"rendered":"<p style=\"text-align: justify;\">Los ecosistemas de manglar saludables desempe\u00f1an un papel importante en la mitigaci\u00f3n del Cambio Clim\u00e1tico y en el aumento del nivel del mar, por ello, la Subsecretar\u00eda de Gesti\u00f3n Marina y Costera del Ministerio del Ambiente del Ecuador (MAE), a trav\u00e9s de sus t\u00e9cnicos, realizaron ayer una minga de limpieza en isla Esperanza, ubicada en el Golfo de Guayaquil.<\/p>\n<p style=\"text-align: justify;\">La limpieza en estos sitios es fundamental para la conservaci\u00f3n natural de la isla ya que es el refugio de muchas aves, crust\u00e1ceos, y moluscos, entre otras especies bioacu\u00e1ticas nativas de la zona.<\/p>\n<p style=\"text-align: justify;\">Los desechos s\u00f3lidos se recolectaron con la colaboraci\u00f3n de los pobladores, fueron clasificados y pesados. La recolecci\u00f3n tuvo un peso de 292 kg y fue entregado al Consorcio Puerto Limpio para su respectivo tratamiento.<\/p>\n<p style=\"text-align: justify;\">Adem\u00e1s, la comunidad fue beneficiada por la visita de una brigada m\u00e9dica, la cual fue coordinada por la Subsecretar\u00eda de Gesti\u00f3n Marina y Costera, para lograr que sus habitantes reciban una atenci\u00f3n m\u00e1s integral, debido a que se encuentran lejos de la ciudad. Los pobladores de isla Esperanza agradecieron tambi\u00e9n por las donaciones hechas por los servidores p\u00fablicos a las familias de escasos recursos.<\/p>\n<p style=\"text-align: justify;\"><a href=\"http:\/\/www.ambienteyenergia.gob.ec\/ambiente\/wp-content\/uploads\/2013\/12\/Isla-Esperanza2.jpg\"><img loading=\"lazy\" decoding=\"async\" class=\"aligncenter size-full wp-image-17245\" alt=\"Isla Esperanza2\" src=\"http:\/\/www.ambienteyenergia.gob.ec\/ambiente\/wp-content\/uploads\/2013\/12\/Isla-Esperanza2.jpg\" width=\"300\" height=\"211\" \/><a href=\"http:\/\/www.ambienteyenergia.gob.ec\/ambiente\/wp-content\/uploads\/2013\/12\/Isla-Esperanza1.jpg\"><img loading=\"lazy\" decoding=\"async\" class=\"aligncenter size-full wp-image-17244\" alt=\"Isla Esperanza1\" src=\"http:\/\/www.ambienteyenergia.gob.ec\/ambiente\/wp-content\/uploads\/2013\/12\/Isla-Esperanza1.jpg\" width=\"300\" height=\"211\" \/><\/a><\/a><\/p>\n","protected":false},"excerpt":{"rendered":"<p class=\"excerpt\">Los ecosistemas de manglar saludables desempe\u00f1an un papel importante en la mitigaci\u00f3n del Cambio Clim\u00e1tico y en el aumento del nivel del mar, por ello, la Subsecretar\u00eda de Gesti\u00f3n Marina y Costera del Ministerio del Ambiente del Ecuador (MAE), a trav\u00e9s de sus t\u00e9cnicos, realizaron ayer una minga de limpieza en isla Esperanza, ubicada en el Golfo de Guayaquil. La&hellip; <a href=\"https:\/\/www.ambienteyenergia.gob.ec\/ambiente\/minga-en-isla-esperanza-beneficia-a-30-familias-en-el-golfo-de-guayaquil\/\">Read more &rarr;<\/a><\/p>\n","protected":false},"author":13,"featured_media":17243,"comment_status":"open","ping_status":"open","sticky":false,"template":"","format":"standard","meta":{"footnotes":""},"categories":[16,4],"tags":[386,385,108,53],"class_list":["post-17242","post","type-post","status-publish","format-standard","has-post-thumbnail","hentry","category-comunicamos","category-noticias","tag-golfo-de-guayaquil","tag-isla-esperanza","tag-lorena-tapia","tag-mae","xfolkentry"],"_links":{"self":[{"href":"https:\/\/www.ambienteyenergia.gob.ec\/ambiente\/wp-json\/wp\/v2\/posts\/17242","targetHints":{"allow":["GET"]}}],"collection":[{"href":"https:\/\/www.ambienteyenergia.gob.ec\/ambiente\/wp-json\/wp\/v2\/posts"}],"about":[{"href":"https:\/\/www.ambienteyenergia.gob.ec\/ambiente\/wp-json\/wp\/v2\/types\/post"}],"author":[{"embeddable":true,"href":"https:\/\/www.ambienteyenergia.gob.ec\/ambiente\/wp-json\/wp\/v2\/users\/13"}],"replies":[{"embeddable":true,"href":"https:\/\/www.ambienteyenergia.gob.ec\/ambiente\/wp-json\/wp\/v2\/comments?post=17242"}],"version-history":[{"count":0,"href":"https:\/\/www.ambienteyenergia.gob.ec\/ambiente\/wp-json\/wp\/v2\/posts\/17242\/revisions"}],"wp:featuredmedia":[{"embeddable":true,"href":"https:\/\/www.ambienteyenergia.gob.ec\/ambiente\/wp-json\/wp\/v2\/media\/17243"}],"wp:attachment":[{"href":"https:\/\/www.ambienteyenergia.gob.ec\/ambiente\/wp-json\/wp\/v2\/media?parent=17242"}],"wp:term":[{"taxonomy":"category","embeddable":true,"href":"https:\/\/www.ambienteyenergia.gob.ec\/ambiente\/wp-json\/wp\/v2\/categories?post=17242"},{"taxonomy":"post_tag","embeddable":true,"href":"https:\/\/www.ambienteyenergia.gob.ec\/ambiente\/wp-json\/wp\/v2\/tags?post=17242"}],"curies":[{"name":"wp","href":"https:\/\/api.w.org\/{rel}","templated":true}]}}