{"id":17239,"date":"2013-12-12T11:32:02","date_gmt":"2013-12-12T16:32:02","guid":{"rendered":"http:\/\/www.ambiente.gob.ec\/?p=17239"},"modified":"2013-12-12T11:32:02","modified_gmt":"2013-12-12T16:32:02","slug":"mae-trabaja-en-un-refugio-moderno-para-el-parque-nacional-cayambe-coca","status":"publish","type":"post","link":"https:\/\/www.ambienteyenergia.gob.ec\/ambiente\/mae-trabaja-en-un-refugio-moderno-para-el-parque-nacional-cayambe-coca\/","title":{"rendered":"MAE trabaja en un Refugio moderno para el Parque Nacional Cayambe \u2013 Coca"},"content":{"rendered":"<p style=\"text-align: justify;\">Con el fin de mejorar el servicio a los turistas, el Ministerio del Ambiente del Ecuador (MAE), a trav\u00e9s del Proyecto de Sostenibilidad Financiera (PSF) del Sistema Nacional de \u00c1reas Protegidas (SNAP), est\u00e1 trabajando en los \u201cacabados internos para la remodelaci\u00f3n del Refugio R\u00faales, Oleas, Berge\u201d del Parque Nacional Cayambe- Coca, zona alta.<\/p>\n<p style=\"text-align: justify;\">Esta actividad que durar\u00e1 100 d\u00edas aproximadamente, se realiza con el prop\u00f3sito de ofrecer instalaciones m\u00e1s c\u00f3modas y de alto nivel para los centenares de visitantes que acoge anualmente esta \u00c1rea Protegida.<\/p>\n<p style=\"text-align: justify;\">Hasta el momento, la obra ha avanzado en un 20% de ejecuci\u00f3n, bajo la fiscalizaci\u00f3n del Proyecto de Infraestructura PANE.<\/p>\n<p style=\"text-align: justify;\">De esta forma, el PSF busca aportar con mecanismos pr\u00e1cticos para diversificar los ingresos en las \u00c1reas Protegidas y frenar los costos de mantenimiento, promoviendo asociaciones entre el Estado, las comunidades locales y los empresarios.<\/p>\n<p style=\"text-align: justify;\">Esta Cartera de Estado recuerda que debido a que las instalaciones del Refugio se encuentran temporalmente cerradas, las personas que visiten el nevado Cayambe, tienen la opci\u00f3n de alojarse en el Refugio temporal (ubicado en la parte baja del actual), previa coordinaci\u00f3n con el administrador del Club de Andinismo del Colegio San Gabriel.<\/p>\n","protected":false},"excerpt":{"rendered":"<p class=\"excerpt\">Con el fin de mejorar el servicio a los turistas, el Ministerio del Ambiente del Ecuador (MAE), a trav\u00e9s del Proyecto de Sostenibilidad Financiera (PSF) del Sistema Nacional de \u00c1reas Protegidas (SNAP), est\u00e1 trabajando en los \u201cacabados internos para la remodelaci\u00f3n del Refugio R\u00faales, Oleas, Berge\u201d del Parque Nacional Cayambe- Coca, zona alta. Esta actividad que durar\u00e1 100 d\u00edas aproximadamente,&hellip; <a href=\"https:\/\/www.ambienteyenergia.gob.ec\/ambiente\/mae-trabaja-en-un-refugio-moderno-para-el-parque-nacional-cayambe-coca\/\">Read more &rarr;<\/a><\/p>\n","protected":false},"author":13,"featured_media":17240,"comment_status":"open","ping_status":"open","sticky":false,"template":"","format":"standard","meta":{"footnotes":""},"categories":[16,4],"tags":[147,108,53,99],"class_list":["post-17239","post","type-post","status-publish","format-standard","has-post-thumbnail","hentry","category-comunicamos","category-noticias","tag-areas-protegidas-2","tag-lorena-tapia","tag-mae","tag-parque-nacional-cayambe-coca","xfolkentry"],"_links":{"self":[{"href":"https:\/\/www.ambienteyenergia.gob.ec\/ambiente\/wp-json\/wp\/v2\/posts\/17239","targetHints":{"allow":["GET"]}}],"collection":[{"href":"https:\/\/www.ambienteyenergia.gob.ec\/ambiente\/wp-json\/wp\/v2\/posts"}],"about":[{"href":"https:\/\/www.ambienteyenergia.gob.ec\/ambiente\/wp-json\/wp\/v2\/types\/post"}],"author":[{"embeddable":true,"href":"https:\/\/www.ambienteyenergia.gob.ec\/ambiente\/wp-json\/wp\/v2\/users\/13"}],"replies":[{"embeddable":true,"href":"https:\/\/www.ambienteyenergia.gob.ec\/ambiente\/wp-json\/wp\/v2\/comments?post=17239"}],"version-history":[{"count":0,"href":"https:\/\/www.ambienteyenergia.gob.ec\/ambiente\/wp-json\/wp\/v2\/posts\/17239\/revisions"}],"wp:featuredmedia":[{"embeddable":true,"href":"https:\/\/www.ambienteyenergia.gob.ec\/ambiente\/wp-json\/wp\/v2\/media\/17240"}],"wp:attachment":[{"href":"https:\/\/www.ambienteyenergia.gob.ec\/ambiente\/wp-json\/wp\/v2\/media?parent=17239"}],"wp:term":[{"taxonomy":"category","embeddable":true,"href":"https:\/\/www.ambienteyenergia.gob.ec\/ambiente\/wp-json\/wp\/v2\/categories?post=17239"},{"taxonomy":"post_tag","embeddable":true,"href":"https:\/\/www.ambienteyenergia.gob.ec\/ambiente\/wp-json\/wp\/v2\/tags?post=17239"}],"curies":[{"name":"wp","href":"https:\/\/api.w.org\/{rel}","templated":true}]}}