{"id":17233,"date":"2013-12-12T11:00:25","date_gmt":"2013-12-12T16:00:25","guid":{"rendered":"http:\/\/www.ambiente.gob.ec\/?p=17233"},"modified":"2013-12-12T11:00:25","modified_gmt":"2013-12-12T16:00:25","slug":"flora-y-fauna-silvestre-fue-decomisada-en-un-mercado-de-el-oro","status":"publish","type":"post","link":"https:\/\/www.ambienteyenergia.gob.ec\/ambiente\/flora-y-fauna-silvestre-fue-decomisada-en-un-mercado-de-el-oro\/","title":{"rendered":"Flora y fauna silvestre fue decomisada en un mercado de El Oro"},"content":{"rendered":"<p style=\"text-align: justify;\">Ayer, el Ministerio del Ambiente (MAE), en coordinaci\u00f3n con la Unidad de Protecci\u00f3n del Medio Ambiente (UPMA) de la Polic\u00eda Nacional, realiz\u00f3 un operativo de control de vida silvestre, en el mercado central de la ciudad de Machala, provincia de El Oro. En esta jornada de trabajo se decomis\u00f3 56 fundas peque\u00f1as y tres saquillos con musgo, 12 loros y una lora cabeza roja.<\/p>\n<p style=\"text-align: justify;\">Gracias a la oportuna intervenci\u00f3n del MAE y la Polic\u00eda Ambiental, las aves ser\u00e1n trasladadas a un centro de rescate, en el que recibir\u00e1n atenci\u00f3n veterinaria. Luego de un proceso de cuarentena se determinar\u00e1 si los espec\u00edmenes pueden ser reinsertados en su h\u00e1bitat natural.<\/p>\n<p style=\"text-align: justify;\">Este tipo de actividades son parte de un continuo proceso de monitoreo que realiza esta Cartera de Estado, con el fin de evitar el tr\u00e1fico ilegal de fauna y flora silvestre.<\/p>\n<p style=\"text-align: justify;\">Asimismo, la Direcci\u00f3n Provincial de El Oro trabaja en m\u00faltiples eventos de educaci\u00f3n ambiental, trabajo comunitario y de vinculaci\u00f3n social con el objetivo de educar a la poblaci\u00f3n sobre el cuidado del planeta y la importancia que tiene la conservaci\u00f3n de las especies.<\/p>\n<p style=\"text-align: justify;\"><a href=\"http:\/\/www.ambienteyenergia.gob.ec\/ambiente\/wp-content\/uploads\/2013\/12\/Flora-y-fauna-El-Oro2.jpg\"><img loading=\"lazy\" decoding=\"async\" class=\"aligncenter size-full wp-image-17236\" alt=\"Flora y fauna El Oro2\" src=\"http:\/\/www.ambienteyenergia.gob.ec\/ambiente\/wp-content\/uploads\/2013\/12\/Flora-y-fauna-El-Oro2.jpg\" width=\"300\" height=\"211\" \/><a href=\"http:\/\/www.ambienteyenergia.gob.ec\/ambiente\/wp-content\/uploads\/2013\/12\/Flora-y-fauna-El-Oro1.jpg\"><img loading=\"lazy\" decoding=\"async\" class=\"aligncenter size-full wp-image-17235\" alt=\"Flora y fauna El Oro1\" src=\"http:\/\/www.ambienteyenergia.gob.ec\/ambiente\/wp-content\/uploads\/2013\/12\/Flora-y-fauna-El-Oro1.jpg\" width=\"300\" height=\"225\" \/><\/a><\/a><\/p>\n","protected":false},"excerpt":{"rendered":"<p class=\"excerpt\">Ayer, el Ministerio del Ambiente (MAE), en coordinaci\u00f3n con la Unidad de Protecci\u00f3n del Medio Ambiente (UPMA) de la Polic\u00eda Nacional, realiz\u00f3 un operativo de control de vida silvestre, en el mercado central de la ciudad de Machala, provincia de El Oro. En esta jornada de trabajo se decomis\u00f3 56 fundas peque\u00f1as y tres saquillos con musgo, 12 loros y&hellip; <a href=\"https:\/\/www.ambienteyenergia.gob.ec\/ambiente\/flora-y-fauna-silvestre-fue-decomisada-en-un-mercado-de-el-oro\/\">Read more &rarr;<\/a><\/p>\n","protected":false},"author":13,"featured_media":17234,"comment_status":"open","ping_status":"open","sticky":false,"template":"","format":"standard","meta":{"footnotes":""},"categories":[16,4],"tags":[145,108,384,53],"class_list":["post-17233","post","type-post","status-publish","format-standard","has-post-thumbnail","hentry","category-comunicamos","category-noticias","tag-el-oro","tag-lorena-tapia","tag-machala","tag-mae","xfolkentry"],"_links":{"self":[{"href":"https:\/\/www.ambienteyenergia.gob.ec\/ambiente\/wp-json\/wp\/v2\/posts\/17233","targetHints":{"allow":["GET"]}}],"collection":[{"href":"https:\/\/www.ambienteyenergia.gob.ec\/ambiente\/wp-json\/wp\/v2\/posts"}],"about":[{"href":"https:\/\/www.ambienteyenergia.gob.ec\/ambiente\/wp-json\/wp\/v2\/types\/post"}],"author":[{"embeddable":true,"href":"https:\/\/www.ambienteyenergia.gob.ec\/ambiente\/wp-json\/wp\/v2\/users\/13"}],"replies":[{"embeddable":true,"href":"https:\/\/www.ambienteyenergia.gob.ec\/ambiente\/wp-json\/wp\/v2\/comments?post=17233"}],"version-history":[{"count":0,"href":"https:\/\/www.ambienteyenergia.gob.ec\/ambiente\/wp-json\/wp\/v2\/posts\/17233\/revisions"}],"wp:featuredmedia":[{"embeddable":true,"href":"https:\/\/www.ambienteyenergia.gob.ec\/ambiente\/wp-json\/wp\/v2\/media\/17234"}],"wp:attachment":[{"href":"https:\/\/www.ambienteyenergia.gob.ec\/ambiente\/wp-json\/wp\/v2\/media?parent=17233"}],"wp:term":[{"taxonomy":"category","embeddable":true,"href":"https:\/\/www.ambienteyenergia.gob.ec\/ambiente\/wp-json\/wp\/v2\/categories?post=17233"},{"taxonomy":"post_tag","embeddable":true,"href":"https:\/\/www.ambienteyenergia.gob.ec\/ambiente\/wp-json\/wp\/v2\/tags?post=17233"}],"curies":[{"name":"wp","href":"https:\/\/api.w.org\/{rel}","templated":true}]}}